{"id":9982,"date":"2025-01-21T10:00:00","date_gmt":"2025-01-21T09:00:00","guid":{"rendered":"https:\/\/elcafedepipa.com\/?p=9982"},"modified":"2025-01-20T18:22:27","modified_gmt":"2025-01-20T17:22:27","slug":"l-pspv-acusa-la-diputacio-de-castello-de-bloquejar-la-licitacio-del-contracte-de-gestio-del-fem-que-afecta-mig-centenar-de-municipis","status":"publish","type":"post","link":"https:\/\/elcafedepipa.com\/index.php\/2025\/01\/21\/l-pspv-acusa-la-diputacio-de-castello-de-bloquejar-la-licitacio-del-contracte-de-gestio-del-fem-que-afecta-mig-centenar-de-municipis\/","title":{"rendered":"El PSPV acusa la Diputaci\u00f3 de Castell\u00f3 de bloquejar la licitaci\u00f3 del contracte de gesti\u00f3 del fem que afecta mig centenar de municipis"},"content":{"rendered":"\n<p><strong><br><\/strong>El grup socialista de la Diputaci\u00f3 de Castell\u00f3 denuncia que la inacci\u00f3 de l\u2019equip de govern de Marta Barrachina en la licitaci\u00f3 del nou contracte de gesti\u00f3 del fem \u201cest\u00e0 generant incertesa i malestar en els ajuntaments per la falta d\u2019informaci\u00f3 i la descoordinaci\u00f3 que porten en aquesta mat\u00e8ria\u201d. La xifra de municipis afectats s\u2019apropa als 50, els que tenen encomanada la gesti\u00f3 a la instituci\u00f3 provincial.<\/p>\n\n\n\n<p>Segons explica la diputada Merche Gal\u00ed, l\u2019executiu havia previst iniciar el procediment en el tram final de 2024, per\u00f2 l\u2019any ha concl\u00f2s sense que s\u2019haja avan\u00e7at en aquesta q\u00fcesti\u00f3. Un exemple \u00e9s el la Pobla Tornesa, municipi que tamb\u00e9 t\u00e9 cedida la gesti\u00f3 i que no ha pogut fixar encara l\u2019import de la taxa del fem tal com obliga la normativa europea \u201cja que el c\u00e0lcul dep\u00e9n directament del cost del servei que la Diputaci\u00f3 encara no ha licitat\u201d.<\/p>\n\n\n\n<p>Gal\u00ed destaca que \u201cla falta d\u2019agilitat que demostren posa de manifest la incapacitat del PP per a gestionar i donar suport als ajuntaments\u201d. \u201cHan de deixar de generar incertesa als ajuntaments i deixar de posar traves a la implementaci\u00f3 d\u2019una normativa ambiental que t\u00e9 com a objectiu complir amb les exig\u00e8ncies europees i que, de no ser aix\u00ed, podria portar conseq\u00fc\u00e8ncies negatives per als municipis en forma de multes\u201d. &nbsp;<\/p>\n\n\n\n<p><strong>La proposta per a rebaixar la taxa, en paper mullat<br><\/strong>Mencionant una altra cosa, la diputada d\u2019Almassora lamenta que la presidenta del PP haja deixat sense efecte la proposta del PSPV perqu\u00e8 la Diputaci\u00f3 adquirira els nous contenidors i els distribu\u00efra entre els municipis que tenen cedida la gesti\u00f3. \u201cAra ser\u00e0 l\u2019empresa adjudicat\u00e0ria qui se\u2019n far\u00e0 c\u00e0rrec i repercutir\u00e0 directament en la taxa que haur\u00e0 de pagar el ve\u00efnat, carregant encara m\u00e9s la butxaca de la ciutadania\u201d, subratlla. \u201c\u00c9s una ll\u00e0stima que no hi haja voluntat real per part del PP de col\u00b7laborar per a reduir el nou gravamen europeu, perqu\u00e8 ni escolta propostes ni molt menys en planteja\u201d.<\/p>\n\n\n\n<p>Gal\u00ed demana a la presidenta \u201cmenys populisme i m\u00e9s celeritat i efic\u00e0cia a l\u2019hora de governar\u201d. \u201cA Marta Barrachina li encanta dir que l\u2019actual Diputaci\u00f3 \u00e9s m\u00e9s efica\u00e7 que l\u2019anterior, per\u00f2 la realitat \u00e9s que eixa efic\u00e0cia \u00e9s limita a fer anuncis que despr\u00e9s es queden en res\u201d.<\/p>\n\n\n\n<p><strong>Visita a la Pobla Tornesa<br><\/strong>El portaveu socialista a la Diputaci\u00f3, Samuel Falomir, i les diputades Ruth Sanz, Maria Jim\u00e9nez i Merche Gal\u00ed han fet parada a la Pobla Tornesa per a treballar colze a colze amb l\u2019alcalde, Mario Conejos, i el seu equip i recollir les demandes que volen que arriben a les administracions. \u201cCada dia xafem territori perqu\u00e8 entenem que la millor pol\u00edtica \u00e9s la que escolta, raona, actua i no enganya\u201d, sentencia Falomir.<\/p>\n","protected":false},"excerpt":{"rendered":"<p>El grup socialista de la Diputaci\u00f3 de Castell\u00f3 denuncia que la inacci\u00f3 de l\u2019equip de govern de Marta Barrachina en la licitaci\u00f3 del nou contracte de gesti\u00f3 del fem \u201cest\u00e0 generant incertesa i malestar en els ajuntaments per la falta d\u2019informaci\u00f3 i la descoordinaci\u00f3 que porten en aquesta mat\u00e8ria\u201d. La xifra de municipis afectats s\u2019apropa &#8230; <a title=\"El PSPV acusa la Diputaci\u00f3 de Castell\u00f3 de bloquejar la licitaci\u00f3 del contracte de gesti\u00f3 del fem que afecta mig centenar de municipis\" class=\"read-more\" href=\"https:\/\/elcafedepipa.com\/index.php\/2025\/01\/21\/l-pspv-acusa-la-diputacio-de-castello-de-bloquejar-la-licitacio-del-contracte-de-gestio-del-fem-que-afecta-mig-centenar-de-municipis\/\" aria-label=\"M\u00e9s informaci\u00f3 sobre El PSPV acusa la Diputaci\u00f3 de Castell\u00f3 de bloquejar la licitaci\u00f3 del contracte de gesti\u00f3 del fem que afecta mig centenar de municipis\">Read more<\/a><\/p>\n","protected":false},"author":2,"featured_media":9983,"comment_status":"closed","ping_status":"closed","sticky":false,"template":"","format":"standard","meta":{"om_disable_all_campaigns":false,"_monsterinsights_skip_tracking":false,"_monsterinsights_sitenote_active":false,"_monsterinsights_sitenote_note":"","_monsterinsights_sitenote_category":0,"_uf_show_specific_survey":0,"_uf_disable_surveys":false,"footnotes":""},"categories":[10],"tags":[],"class_list":["post-9982","post","type-post","status-publish","format-standard","has-post-thumbnail","hentry","category-provinciadecastello"],"_links":{"self":[{"href":"https:\/\/elcafedepipa.com\/index.php\/wp-json\/wp\/v2\/posts\/9982","targetHints":{"allow":["GET"]}}],"collection":[{"href":"https:\/\/elcafedepipa.com\/index.php\/wp-json\/wp\/v2\/posts"}],"about":[{"href":"https:\/\/elcafedepipa.com\/index.php\/wp-json\/wp\/v2\/types\/post"}],"author":[{"embeddable":true,"href":"https:\/\/elcafedepipa.com\/index.php\/wp-json\/wp\/v2\/users\/2"}],"replies":[{"embeddable":true,"href":"https:\/\/elcafedepipa.com\/index.php\/wp-json\/wp\/v2\/comments?post=9982"}],"version-history":[{"count":0,"href":"https:\/\/elcafedepipa.com\/index.php\/wp-json\/wp\/v2\/posts\/9982\/revisions"}],"wp:featuredmedia":[{"embeddable":true,"href":"https:\/\/elcafedepipa.com\/index.php\/wp-json\/wp\/v2\/media\/9983"}],"wp:attachment":[{"href":"https:\/\/elcafedepipa.com\/index.php\/wp-json\/wp\/v2\/media?parent=9982"}],"wp:term":[{"taxonomy":"category","embeddable":true,"href":"https:\/\/elcafedepipa.com\/index.php\/wp-json\/wp\/v2\/categories?post=9982"},{"taxonomy":"post_tag","embeddable":true,"href":"https:\/\/elcafedepipa.com\/index.php\/wp-json\/wp\/v2\/tags?post=9982"}],"curies":[{"name":"wp","href":"https:\/\/api.w.org\/{rel}","templated":true}]}}