{"id":9940,"date":"2025-01-20T10:00:00","date_gmt":"2025-01-20T09:00:00","guid":{"rendered":"https:\/\/elcafedepipa.com\/?p=9940"},"modified":"2025-01-19T22:30:57","modified_gmt":"2025-01-19T21:30:57","slug":"la-diputacio-de-castello-compartix-els-reptes-de-participacio-ciutadana-en-governs-intermedis-en-la-vii-edicio-de-la-roma-design-experience","status":"publish","type":"post","link":"https:\/\/elcafedepipa.com\/index.php\/2025\/01\/20\/la-diputacio-de-castello-compartix-els-reptes-de-participacio-ciutadana-en-governs-intermedis-en-la-vii-edicio-de-la-roma-design-experience\/","title":{"rendered":"La Diputaci\u00f3 de Castell\u00f3 compartix els reptes de participaci\u00f3 ciutadana en governs intermedis en la VII edici\u00f3 de la Roma Design Experience"},"content":{"rendered":"\n<p>En el marc del conveni aprovat per la junta de Govern entre la Diputaci\u00f3 de Castell\u00f3 i la Universitat p\u00fablica de Disseny Roma \u2013 ISIA Roma Design, la diputada de Transpar\u00e8ncia i Participaci\u00f3 Ciutadana, Mar\u00eda Tormo, ha viatjat a la capital d&#8217;It\u00e0lia per a exposar el desafiament de la governan\u00e7a participativa en governs multinivell de la instituci\u00f3 provincial.<\/p>\n\n\n\n<p>En la trobada, la diputada ha posat en manifest el comprom\u00eds de la Diputaci\u00f3 de Castell\u00f3 per a promoure pol\u00edtiques de transpar\u00e8ncia a nivell provincial i facilitar l&#8217;exercici dels drets d&#8217;acc\u00e9s a la informaci\u00f3. \u201cEn el Govern Provincial de la Diputaci\u00f3 de Castell\u00f3 creiem en un govern obert que promoga la transpar\u00e8ncia, la participaci\u00f3 i la col\u00b7laboraci\u00f3 ciutadana\u201d, ha expressat Tormo.<\/p>\n\n\n\n<p>Aix\u00ed, la responsable de l&#8217;\u00e0rea de Transpar\u00e8ncia i Participaci\u00f3 ha explicat com la instituci\u00f3 provincial ha desenvolupat una Estrat\u00e8gia Provincial de Governan\u00e7a Participativa com a instrument fonamental per a integrar l&#8217;aportaci\u00f3 de la societat civil en les seues pol\u00edtiques p\u00fabliques.<\/p>\n\n\n\n<p>\u201cLa participaci\u00f3 \u00e9s una mat\u00e8ria fortament arrelada amb la innovaci\u00f3 p\u00fablica, ja que reformula el paper de les administracions p\u00fabliques, l&#8217;\u00fas de la tecnologia i el marc legal d&#8217;un govern intermedi, tradicionalment bolcat en els servicis als ajuntaments de la prov\u00edncia, per a donar a la seua labor una visi\u00f3 i una legitimitat ciutadana\u201d, ha expressat Mar\u00eda Tormo.<\/p>\n\n\n\n<p>D&#8217;esta manera, la diputada provincial ha afegit que l&#8217;Estrat\u00e8gia de Governan\u00e7a Participativa assumix, a m\u00e9s, \u201cuna connexi\u00f3 evident entre participaci\u00f3 ciutadana i bon govern, pel fet que unes pol\u00edtiques que compten amb l&#8217;aportaci\u00f3 dels interessats poden atendre millor les demandes col\u00b7lectives i ajudar les institucions democr\u00e0tiques i representatives a con\u00e9ixer i resoldre millor els problemes p\u00fablics\u201d.<\/p>\n\n\n\n<p>\u201cDes de la Diputaci\u00f3 de Castell\u00f3 no sols pretenem construir una societat millor, sin\u00f3 tamb\u00e9 ajudar al fet que la societat es constru\u00efsca a si mateixa de la millor manera possible. \u00c9s per aix\u00f2 que portem la participaci\u00f3 i la transpar\u00e8ncia a cada rac\u00f3 de la nostra terra, com a eix fonamental per a avan\u00e7ar en qualitat democr\u00e0tica\u201d, ha destacat Mar\u00eda Tormo.<\/p>\n\n\n\n<p>Aix\u00ed doncs, durant la seua participaci\u00f3 al Roma Design Experience, la diputada provincial ha animat a tots els ciutadans presents a promoure el di\u00e0leg amb les institucions, abordant reptes territorials i socials, perqu\u00e8 \u201cgr\u00e0cies a la participaci\u00f3, els governs s&#8217;enfortixen i els interessos socials s&#8217;incorporen a l&#8217;agenda p\u00fablica\u201d, ha destacat Mar\u00eda Tormo.<\/p>\n\n\n\n<p>La ISIA Roma Design ha promogut durant tota esta setmana un total de 14 tallers d&#8217;immersi\u00f3 total en el qual els estudiants, els professors, els dissenyadors i els consultors externs especialitzats, han abordat junts desafiaments proposats per institucions i organitzacions p\u00fabliques i privades, aportant solucions de disseny i conceptes que puguen servir de soluci\u00f3 als reptes formulats.<\/p>\n\n\n\n<p>En esta edici\u00f3, la Diputaci\u00f3 de Castell\u00f3 ha sigut l&#8217;\u00fanica instituci\u00f3 europea convidada, i ha compartit tallers amb altres organitzacions italianes com, per exemple, el Assessorato alla Cultura &#8211; Roma Capitale, Parc Naturale Regionale di Bracciano \u2013 Martignano, Citt\u00e0 Metropolitana di Roma Capitale, Alleanza Italiana per el Sviluppo Sostenibile, Istituto Centrale per i Beni Sonori e Audiovisivi e Accademia Nazionale di Dansa i Assessorato alle Attivit\u00e0 Produttive e Pari Opportunit\u00e0.<\/p>\n\n\n\n<p>En la sessi\u00f3 de devoluci\u00f3 del taller de Governan\u00e7a Participativa celebrada este divendres, els alumnes i els professors &#8211; investigadors de ISIA Roma han oferit a la diputada provincial Mar\u00eda Tormo una nova metodologia per a impulsar processos participatius, innovadora en el seu disseny i ajustada a les necessitats de la Diputaci\u00f3 de Castell\u00f3.<\/p>\n\n\n\n<p><\/p>\n\n\n\n<p><\/p>\n","protected":false},"excerpt":{"rendered":"<p>En el marc del conveni aprovat per la junta de Govern entre la Diputaci\u00f3 de Castell\u00f3 i la Universitat p\u00fablica de Disseny Roma \u2013 ISIA Roma Design, la diputada de Transpar\u00e8ncia i Participaci\u00f3 Ciutadana, Mar\u00eda Tormo, ha viatjat a la capital d&#8217;It\u00e0lia per a exposar el desafiament de la governan\u00e7a participativa en governs multinivell de &#8230; <a title=\"La Diputaci\u00f3 de Castell\u00f3 compartix els reptes de participaci\u00f3 ciutadana en governs intermedis en la VII edici\u00f3 de la Roma Design Experience\" class=\"read-more\" href=\"https:\/\/elcafedepipa.com\/index.php\/2025\/01\/20\/la-diputacio-de-castello-compartix-els-reptes-de-participacio-ciutadana-en-governs-intermedis-en-la-vii-edicio-de-la-roma-design-experience\/\" aria-label=\"M\u00e9s informaci\u00f3 sobre La Diputaci\u00f3 de Castell\u00f3 compartix els reptes de participaci\u00f3 ciutadana en governs intermedis en la VII edici\u00f3 de la Roma Design Experience\">Read more<\/a><\/p>\n","protected":false},"author":2,"featured_media":9941,"comment_status":"closed","ping_status":"closed","sticky":false,"template":"","format":"standard","meta":{"om_disable_all_campaigns":false,"_monsterinsights_skip_tracking":false,"_monsterinsights_sitenote_active":false,"_monsterinsights_sitenote_note":"","_monsterinsights_sitenote_category":0,"_uf_show_specific_survey":0,"_uf_disable_surveys":false,"footnotes":""},"categories":[10],"tags":[],"class_list":["post-9940","post","type-post","status-publish","format-standard","has-post-thumbnail","hentry","category-provinciadecastello"],"_links":{"self":[{"href":"https:\/\/elcafedepipa.com\/index.php\/wp-json\/wp\/v2\/posts\/9940","targetHints":{"allow":["GET"]}}],"collection":[{"href":"https:\/\/elcafedepipa.com\/index.php\/wp-json\/wp\/v2\/posts"}],"about":[{"href":"https:\/\/elcafedepipa.com\/index.php\/wp-json\/wp\/v2\/types\/post"}],"author":[{"embeddable":true,"href":"https:\/\/elcafedepipa.com\/index.php\/wp-json\/wp\/v2\/users\/2"}],"replies":[{"embeddable":true,"href":"https:\/\/elcafedepipa.com\/index.php\/wp-json\/wp\/v2\/comments?post=9940"}],"version-history":[{"count":0,"href":"https:\/\/elcafedepipa.com\/index.php\/wp-json\/wp\/v2\/posts\/9940\/revisions"}],"wp:featuredmedia":[{"embeddable":true,"href":"https:\/\/elcafedepipa.com\/index.php\/wp-json\/wp\/v2\/media\/9941"}],"wp:attachment":[{"href":"https:\/\/elcafedepipa.com\/index.php\/wp-json\/wp\/v2\/media?parent=9940"}],"wp:term":[{"taxonomy":"category","embeddable":true,"href":"https:\/\/elcafedepipa.com\/index.php\/wp-json\/wp\/v2\/categories?post=9940"},{"taxonomy":"post_tag","embeddable":true,"href":"https:\/\/elcafedepipa.com\/index.php\/wp-json\/wp\/v2\/tags?post=9940"}],"curies":[{"name":"wp","href":"https:\/\/api.w.org\/{rel}","templated":true}]}}