{"id":9913,"date":"2025-01-18T11:30:00","date_gmt":"2025-01-18T10:30:00","guid":{"rendered":"https:\/\/elcafedepipa.com\/?p=9913"},"modified":"2025-01-17T20:59:44","modified_gmt":"2025-01-17T19:59:44","slug":"el-pspv-de-la-diputacio-lamenta-que-marta-barrachina-actue-forcada-per-la-justicia-a-lliurar-a-loposicio-la-documentacio-a-la-que-te-dret-per-llei-i-no-per-consciencia-democratica","status":"publish","type":"post","link":"https:\/\/elcafedepipa.com\/index.php\/2025\/01\/18\/el-pspv-de-la-diputacio-lamenta-que-marta-barrachina-actue-forcada-per-la-justicia-a-lliurar-a-loposicio-la-documentacio-a-la-que-te-dret-per-llei-i-no-per-consciencia-democratica\/","title":{"rendered":"El PSPV de la Diputaci\u00f3 lamenta que Marta Barrachina actue for\u00e7ada per la Just\u00edcia a lliurar a l\u2019oposici\u00f3 la documentaci\u00f3 a la que t\u00e9 dret per llei \u201ci no per consci\u00e8ncia democr\u00e0tica"},"content":{"rendered":"\n<p><strong><br><\/strong>El PSPV-PSOE de la Diputaci\u00f3 ha informat que el Jutjat contenci\u00f3s administratiu de Castell\u00f3 ha adm\u00e9s a tr\u00e0mit la demanda contra Marta Barrachina per ocultaci\u00f3 deliberada d\u2019expedients a l\u2019oposici\u00f3, el que ha motivat que, al llargs de les \u00faltimes hores, des de Presid\u00e8ncia s\u2019haja donat ordre a desclassificar-los. El portaveu socialista, Samuel Falomir, ha celebrat que la Just\u00edcia pose la lupa sobre \u201cles burles del PP a la transpar\u00e8ncia\u201d i ha lamentat que \u201chaja hagut d\u2019intervindre la Just\u00edcia perqu\u00e8 la presidenta i el seu equip accepte donar-nos la informaci\u00f3 a la qual tenim dret per llei\u201d. \u201cHo deurien haver fet per consci\u00e8ncia democr\u00e0tica\u201d.<\/p>\n\n\n\n<p>\u201cDespr\u00e9s d\u2019un any reclamant la informaci\u00f3 i patint el silenci administratiu de la Diputaci\u00f3 per fi tenim acc\u00e9s als expedients del pla de helisuperf\u00edcies, sol\u00b7licitat el 12 de desembre de 2023; la llic\u00e8ncia d&#8217;enderrocament de la caseta del pic del Penyagolosa, demanada el 17 de maig de 2024; i la documentaci\u00f3 sobre la pol\u00e8mica compra de vehicles obsolets per al Consorci de Bombers, entre molts altres&#8221;. Ara, \u201cdes del grup socialista analitzarem tots aquests expedients amb deteniment per a exigir responsabilitats si es detecta que hi ha hagut irregularitats\u201d, ha afegit el portaveu socialista.<\/p>\n\n\n\n<p>Amb aquest context, Falomir ha acusat Barrachina d\u2019envoltar Presid\u00e8ncia en una cuirassa d&#8217;acer i incomplir reiteradament la Constituci\u00f3, les lleis i els reglaments sobre acc\u00e9s a la informaci\u00f3 en impedir que l&#8217;oposici\u00f3 fiscalitzem la seua gesti\u00f3\u201d.<\/p>\n\n\n\n<p><strong>Nul\u00b7la voluntat de di\u00e0leg de l&#8217;equip de govern<br><\/strong>El l\u00edder del PSPV provincial ha denunciat que \u201cno existeix cap voluntat de di\u00e0leg en el si del PP\u201d i ha reprotxat a Barrachina que haja convertit la Diputaci\u00f3 en \u201cel seu feu personal\u201d a trav\u00e9s de decisions arbitr\u00e0ries com les designacions a dit en el Consell de la Dona, els convenis singulars sota criteri personal i decidint quins expedients podem consultar i quins no\u201d. \u201cHa travessat totes les l\u00ednies de l&#8217;\u00e8tica i la legalitat\u201d.<\/p>\n\n\n\n<p><\/p>\n","protected":false},"excerpt":{"rendered":"<p>El PSPV-PSOE de la Diputaci\u00f3 ha informat que el Jutjat contenci\u00f3s administratiu de Castell\u00f3 ha adm\u00e9s a tr\u00e0mit la demanda contra Marta Barrachina per ocultaci\u00f3 deliberada d\u2019expedients a l\u2019oposici\u00f3, el que ha motivat que, al llargs de les \u00faltimes hores, des de Presid\u00e8ncia s\u2019haja donat ordre a desclassificar-los. El portaveu socialista, Samuel Falomir, ha celebrat &#8230; <a title=\"El PSPV de la Diputaci\u00f3 lamenta que Marta Barrachina actue for\u00e7ada per la Just\u00edcia a lliurar a l\u2019oposici\u00f3 la documentaci\u00f3 a la que t\u00e9 dret per llei \u201ci no per consci\u00e8ncia democr\u00e0tica\" class=\"read-more\" href=\"https:\/\/elcafedepipa.com\/index.php\/2025\/01\/18\/el-pspv-de-la-diputacio-lamenta-que-marta-barrachina-actue-forcada-per-la-justicia-a-lliurar-a-loposicio-la-documentacio-a-la-que-te-dret-per-llei-i-no-per-consciencia-democratica\/\" aria-label=\"M\u00e9s informaci\u00f3 sobre El PSPV de la Diputaci\u00f3 lamenta que Marta Barrachina actue for\u00e7ada per la Just\u00edcia a lliurar a l\u2019oposici\u00f3 la documentaci\u00f3 a la que t\u00e9 dret per llei \u201ci no per consci\u00e8ncia democr\u00e0tica\">Read more<\/a><\/p>\n","protected":false},"author":2,"featured_media":9914,"comment_status":"closed","ping_status":"closed","sticky":false,"template":"","format":"standard","meta":{"om_disable_all_campaigns":false,"_monsterinsights_skip_tracking":false,"_monsterinsights_sitenote_active":false,"_monsterinsights_sitenote_note":"","_monsterinsights_sitenote_category":0,"_uf_show_specific_survey":0,"_uf_disable_surveys":false,"footnotes":""},"categories":[10],"tags":[],"class_list":["post-9913","post","type-post","status-publish","format-standard","has-post-thumbnail","hentry","category-provinciadecastello"],"_links":{"self":[{"href":"https:\/\/elcafedepipa.com\/index.php\/wp-json\/wp\/v2\/posts\/9913","targetHints":{"allow":["GET"]}}],"collection":[{"href":"https:\/\/elcafedepipa.com\/index.php\/wp-json\/wp\/v2\/posts"}],"about":[{"href":"https:\/\/elcafedepipa.com\/index.php\/wp-json\/wp\/v2\/types\/post"}],"author":[{"embeddable":true,"href":"https:\/\/elcafedepipa.com\/index.php\/wp-json\/wp\/v2\/users\/2"}],"replies":[{"embeddable":true,"href":"https:\/\/elcafedepipa.com\/index.php\/wp-json\/wp\/v2\/comments?post=9913"}],"version-history":[{"count":0,"href":"https:\/\/elcafedepipa.com\/index.php\/wp-json\/wp\/v2\/posts\/9913\/revisions"}],"wp:featuredmedia":[{"embeddable":true,"href":"https:\/\/elcafedepipa.com\/index.php\/wp-json\/wp\/v2\/media\/9914"}],"wp:attachment":[{"href":"https:\/\/elcafedepipa.com\/index.php\/wp-json\/wp\/v2\/media?parent=9913"}],"wp:term":[{"taxonomy":"category","embeddable":true,"href":"https:\/\/elcafedepipa.com\/index.php\/wp-json\/wp\/v2\/categories?post=9913"},{"taxonomy":"post_tag","embeddable":true,"href":"https:\/\/elcafedepipa.com\/index.php\/wp-json\/wp\/v2\/tags?post=9913"}],"curies":[{"name":"wp","href":"https:\/\/api.w.org\/{rel}","templated":true}]}}