{"id":9907,"date":"2025-01-18T10:45:00","date_gmt":"2025-01-18T09:45:00","guid":{"rendered":"https:\/\/elcafedepipa.com\/?p=9907"},"modified":"2025-01-17T20:49:44","modified_gmt":"2025-01-17T19:49:44","slug":"almenara-amplia-el-cementeri-municipal-amb-la-construccio-de-ninxols-i-un-nou-columbari","status":"publish","type":"post","link":"https:\/\/elcafedepipa.com\/index.php\/2025\/01\/18\/almenara-amplia-el-cementeri-municipal-amb-la-construccio-de-ninxols-i-un-nou-columbari\/","title":{"rendered":"Almenara amplia el Cementeri municipal amb la construcci\u00f3 de n\u00ednxols i un nou columbari"},"content":{"rendered":"\n<p>L&#8217;Ajuntament d&#8217;Almenara est\u00e0 executant obres d&#8217;ampliaci\u00f3 en el Cementeri Municipal de la localitat amb la construcci\u00f3 de 20 nous n\u00ednxols i un nou columbari amb 20 espais per a depositar les urnes ciner\u00e0ries. La inversi\u00f3 municipal de les obres entre els n\u00ednxols, el columbari i la teulada ronda els 21.000 euros. Les obres s&#8217;estan realitzant en la part nova de les instal.lacions.<\/p>\n\n\n\n<p>Aquesta actuaci\u00f3 s&#8217;emmarca en les cont\u00ednues millores que es porten a terme en el Cementeri Municipal per part de l&#8217;Ajuntament d&#8217;Almenara, tant en el manteniment de les instal\u00b7lacions, com en la construcci\u00f3 de n\u00ednxols i columbaris, atenent sempre les necessitats existents a cada moment.<\/p>\n","protected":false},"excerpt":{"rendered":"<p>L&#8217;Ajuntament d&#8217;Almenara est\u00e0 executant obres d&#8217;ampliaci\u00f3 en el Cementeri Municipal de la localitat amb la construcci\u00f3 de 20 nous n\u00ednxols i un nou columbari amb 20 espais per a depositar les urnes ciner\u00e0ries. La inversi\u00f3 municipal de les obres entre els n\u00ednxols, el columbari i la teulada ronda els 21.000 euros. Les obres s&#8217;estan realitzant &#8230; <a title=\"Almenara amplia el Cementeri municipal amb la construcci\u00f3 de n\u00ednxols i un nou columbari\" class=\"read-more\" href=\"https:\/\/elcafedepipa.com\/index.php\/2025\/01\/18\/almenara-amplia-el-cementeri-municipal-amb-la-construccio-de-ninxols-i-un-nou-columbari\/\" aria-label=\"M\u00e9s informaci\u00f3 sobre Almenara amplia el Cementeri municipal amb la construcci\u00f3 de n\u00ednxols i un nou columbari\">Read more<\/a><\/p>\n","protected":false},"author":2,"featured_media":9908,"comment_status":"closed","ping_status":"closed","sticky":false,"template":"","format":"standard","meta":{"om_disable_all_campaigns":false,"_monsterinsights_skip_tracking":false,"_monsterinsights_sitenote_active":false,"_monsterinsights_sitenote_note":"","_monsterinsights_sitenote_category":0,"_uf_show_specific_survey":0,"_uf_disable_surveys":false,"footnotes":""},"categories":[1],"tags":[],"class_list":["post-9907","post","type-post","status-publish","format-standard","has-post-thumbnail","hentry","category-non-classe"],"_links":{"self":[{"href":"https:\/\/elcafedepipa.com\/index.php\/wp-json\/wp\/v2\/posts\/9907","targetHints":{"allow":["GET"]}}],"collection":[{"href":"https:\/\/elcafedepipa.com\/index.php\/wp-json\/wp\/v2\/posts"}],"about":[{"href":"https:\/\/elcafedepipa.com\/index.php\/wp-json\/wp\/v2\/types\/post"}],"author":[{"embeddable":true,"href":"https:\/\/elcafedepipa.com\/index.php\/wp-json\/wp\/v2\/users\/2"}],"replies":[{"embeddable":true,"href":"https:\/\/elcafedepipa.com\/index.php\/wp-json\/wp\/v2\/comments?post=9907"}],"version-history":[{"count":0,"href":"https:\/\/elcafedepipa.com\/index.php\/wp-json\/wp\/v2\/posts\/9907\/revisions"}],"wp:featuredmedia":[{"embeddable":true,"href":"https:\/\/elcafedepipa.com\/index.php\/wp-json\/wp\/v2\/media\/9908"}],"wp:attachment":[{"href":"https:\/\/elcafedepipa.com\/index.php\/wp-json\/wp\/v2\/media?parent=9907"}],"wp:term":[{"taxonomy":"category","embeddable":true,"href":"https:\/\/elcafedepipa.com\/index.php\/wp-json\/wp\/v2\/categories?post=9907"},{"taxonomy":"post_tag","embeddable":true,"href":"https:\/\/elcafedepipa.com\/index.php\/wp-json\/wp\/v2\/tags?post=9907"}],"curies":[{"name":"wp","href":"https:\/\/api.w.org\/{rel}","templated":true}]}}