{"id":9901,"date":"2025-01-17T20:43:21","date_gmt":"2025-01-17T19:43:21","guid":{"rendered":"https:\/\/elcafedepipa.com\/?p=9901"},"modified":"2025-01-17T20:43:22","modified_gmt":"2025-01-17T19:43:22","slug":"nules-reuneix-els-participants-en-la-vii-trobada-gastronomica-intercultural","status":"publish","type":"post","link":"https:\/\/elcafedepipa.com\/index.php\/2025\/01\/17\/nules-reuneix-els-participants-en-la-vii-trobada-gastronomica-intercultural\/","title":{"rendered":"Nules reuneix els participants en la VII Trobada gastron\u00f2mica intercultural"},"content":{"rendered":"\n<p><strong>S\u2019ha fet un reconeixement p\u00fablic a la seua tasca de voluntariat<\/strong><\/p>\n\n\n\n<p>L\u2019Ajuntament de Nules ha fet un reconeixement p\u00fablic a les persones participants a la VII Trobada Gastron\u00f2mica Intercultural, que va tindre lloc el passat&nbsp; mes de setembre, amb el lliurament d\u2019uns detalls commemoratius.<\/p>\n\n\n\n<p>Amb aquesta trobada es vol donar a con\u00e9ixer les cultures de persones d\u2019altres nacionalitats que resideixen a Nules, a m\u00e9s tamb\u00e9 es pret\u00e9n potenciar la integraci\u00f3 i el respecte a la diversitat.<\/p>\n\n\n\n<p>Ve\u00efnes i ve\u00efns de Nules originaris del Marroc, Colombia, Argentina, Ucra\u00efna, Pakistan, o Romania, a m\u00e9s d\u2019Espanya amb una representaci\u00f3 d\u2019associacions locals, han estat els protagonistes d\u2019aquesta trobada que va tindre plats t\u00edpics d\u2019aquests pa\u00efsos. Aix\u00ed doncs, amb aquesta iniciativa es pret\u00e9n donar visibilitat a la diversitat cultural que hi ha al municipi de Nules amb l\u2019exposici\u00f3 i degustaci\u00f3 de productes, \u201ces tracta d\u2019una activitat amb la qual es promou la integraci\u00f3 de les persones migrants de Nules i que, a m\u00e9s, t\u00e9 un car\u00e0cter ben\u00e8fic, ja que la recaptaci\u00f3 de la venda de tiquets d\u2019aquesta edici\u00f3 ha anat destinada a Creu Roja\u201d, comenta el regidor de Serveis Socials, Ram\u00f3n Mart\u00ednez, qui a m\u00e9s destaca la import\u00e0ncia de la col\u00b7laboraci\u00f3 d\u2019aquestes persones en aquesta iniciativa, \u201cs\u00f3n persones volunt\u00e0ries que de manera altruista treballen perqu\u00e8 aquest esdeveniment siga una realitat i tinga continu\u00eftat\u201d.<\/p>\n\n\n\n<p>La trobada est\u00e0 organitzada pel departament de Serveis Socials de l\u2019Ajuntament de Nules, m\u00e9s en concret per l\u2019Oficina d\u2019Atenci\u00f3 a les Persones Migrades (PANGEA) de la localitat que treballa amb la poblaci\u00f3 migrant i la seua integraci\u00f3.<\/p>\n\n\n\n<p><\/p>\n","protected":false},"excerpt":{"rendered":"<p>S\u2019ha fet un reconeixement p\u00fablic a la seua tasca de voluntariat L\u2019Ajuntament de Nules ha fet un reconeixement p\u00fablic a les persones participants a la VII Trobada Gastron\u00f2mica Intercultural, que va tindre lloc el passat&nbsp; mes de setembre, amb el lliurament d\u2019uns detalls commemoratius. Amb aquesta trobada es vol donar a con\u00e9ixer les cultures de &#8230; <a title=\"Nules reuneix els participants en la VII Trobada gastron\u00f2mica intercultural\" class=\"read-more\" href=\"https:\/\/elcafedepipa.com\/index.php\/2025\/01\/17\/nules-reuneix-els-participants-en-la-vii-trobada-gastronomica-intercultural\/\" aria-label=\"M\u00e9s informaci\u00f3 sobre Nules reuneix els participants en la VII Trobada gastron\u00f2mica intercultural\">Read more<\/a><\/p>\n","protected":false},"author":2,"featured_media":9902,"comment_status":"closed","ping_status":"closed","sticky":false,"template":"","format":"standard","meta":{"om_disable_all_campaigns":false,"_monsterinsights_skip_tracking":false,"_monsterinsights_sitenote_active":false,"_monsterinsights_sitenote_note":"","_monsterinsights_sitenote_category":0,"_uf_show_specific_survey":0,"_uf_disable_surveys":false,"footnotes":""},"categories":[3],"tags":[],"class_list":["post-9901","post","type-post","status-publish","format-standard","has-post-thumbnail","hentry","category-nules"],"_links":{"self":[{"href":"https:\/\/elcafedepipa.com\/index.php\/wp-json\/wp\/v2\/posts\/9901","targetHints":{"allow":["GET"]}}],"collection":[{"href":"https:\/\/elcafedepipa.com\/index.php\/wp-json\/wp\/v2\/posts"}],"about":[{"href":"https:\/\/elcafedepipa.com\/index.php\/wp-json\/wp\/v2\/types\/post"}],"author":[{"embeddable":true,"href":"https:\/\/elcafedepipa.com\/index.php\/wp-json\/wp\/v2\/users\/2"}],"replies":[{"embeddable":true,"href":"https:\/\/elcafedepipa.com\/index.php\/wp-json\/wp\/v2\/comments?post=9901"}],"version-history":[{"count":0,"href":"https:\/\/elcafedepipa.com\/index.php\/wp-json\/wp\/v2\/posts\/9901\/revisions"}],"wp:featuredmedia":[{"embeddable":true,"href":"https:\/\/elcafedepipa.com\/index.php\/wp-json\/wp\/v2\/media\/9902"}],"wp:attachment":[{"href":"https:\/\/elcafedepipa.com\/index.php\/wp-json\/wp\/v2\/media?parent=9901"}],"wp:term":[{"taxonomy":"category","embeddable":true,"href":"https:\/\/elcafedepipa.com\/index.php\/wp-json\/wp\/v2\/categories?post=9901"},{"taxonomy":"post_tag","embeddable":true,"href":"https:\/\/elcafedepipa.com\/index.php\/wp-json\/wp\/v2\/tags?post=9901"}],"curies":[{"name":"wp","href":"https:\/\/api.w.org\/{rel}","templated":true}]}}