{"id":9888,"date":"2025-01-17T20:30:21","date_gmt":"2025-01-17T19:30:21","guid":{"rendered":"https:\/\/elcafedepipa.com\/?p=9888"},"modified":"2025-01-17T20:30:21","modified_gmt":"2025-01-17T19:30:21","slug":"moncofa-presenta-en-fitur-la-campanya-en-pasqua-ja-es-estiu-a-moncofa","status":"publish","type":"post","link":"https:\/\/elcafedepipa.com\/index.php\/2025\/01\/17\/moncofa-presenta-en-fitur-la-campanya-en-pasqua-ja-es-estiu-a-moncofa\/","title":{"rendered":"Moncofa presenta en Fitur la campanya &#8220;En Pasqua ja \u00e9s estiu a Moncofa&#8221;"},"content":{"rendered":"\n<p><strong>Ser\u00e0 el 22 de gener, a les 16:30 h, en la sala de premsa de l\u2019estand de la Comunitat Valenciana<\/strong><\/p>\n\n\n\n<p>Moncofa es prepara per a presentar la seua nova campanya tur\u00edstica 2025 <strong>&#8220;En Pasqua ja \u00e9s estiu a Moncofa&#8221;<\/strong> en la Fira Internacional de Turisme (Fitur). La presentaci\u00f3 tindr\u00e0 lloc el pr\u00f2xim 22 de gener a les 16.30 h a la sala de premsa de l&#8217;estand de la Comunitat Valenciana. Amb esta iniciativa, l&#8217;Ajuntament busca consolidar la imatge del municipi com una destinaci\u00f3 ideal per a gaudir del sol, la platja i una infinitat d&#8217;activitats durant tot l&#8217;any. <strong>&#8220;Moncofa, poble i mar d&#8217;activitats&#8221;.<\/strong><\/p>\n\n\n\n<p>Moncofa s&#8217;ha convertit en el lloc predilecte per a milers de fam\u00edlies que busquen un lloc de descans vacacional en qualsevol \u00e8poca de l&#8217;any. Les quatre banderes blaves, platges quilom\u00e8triques, el sender blau al costat de la mar i una \u00e0mplia oferta esportiva, cultural i l\u00fadica la converteixen en una destinaci\u00f3 atractiva per als qui desitgen desconnectar sense anar molt lluny&#8221;, afirma la regidora de turisme, Ilenia Begnozzi.<\/p>\n\n\n\n<p><strong>&#8220;En Pasqua ja \u00e9s estiu a Moncofa&#8221;<\/strong> posa en relleu la vibrant vida que ofereix el municipi durant tot l&#8217;any. I \u00e9s per aix\u00f2 que, segons l&#8217;alcalde de la localitat, Wences Al\u00f3s Valls, &#8220;estes Pasq\u00fces tots els nostres ve\u00efns i visitants podran gaudir d&#8217;un ampli avan\u00e7ament de totes les activitats que realitzem durant l&#8217;estiu&#8221;. I \u00e9s que la programaci\u00f3 per a este 2025 inclou:<\/p>\n\n\n\n<ul class=\"wp-block-list\">\n<li><strong>Activitats per a tots els gustos<\/strong>: des de fires i mercats ambulants en el passeig mar\u00edtim fins a exposicions d&#8217;art a les sales Pleamar i Maria Sorolla, passant per m\u00fasica en viu i activitats esportives.<\/li>\n\n\n\n<li><strong>Un entorn natural privilegiat del qual gaudir a trav\u00e9s de visites guiades<\/strong>: amb quatre banderes blaves, un sender blau que recorre la costa i la possibilitat de gaudir de l&#8217;eixida del sol sobre el Mediterrani.<\/li>\n\n\n\n<li><strong>Tradicions arrelades<\/strong>: com les emotives celebracions religioses de Pasqua, entre les quals destaquen l&#8217;Enterrament o l\u2019Encontre en el barri antic de la localitat, la recuperaci\u00f3 de la muralla medieval i el museu etnogr\u00e0fic.<\/li>\n\n\n\n<li><strong>Gastronomia local<\/strong>: una variada i \u00e0mplia oferta de restaurants on degustar els sabors del Mediterrani, del m\u00e9s tradicional al m\u00e9s avantguardista.<\/li>\n<\/ul>\n\n\n\n<p>La campanya <strong>&#8220;En Pasqua ja \u00e9s estiu a Moncofa<\/strong>&#8221; presenta tamb\u00e9 un nou disseny que mant\u00e9 la l\u00ednia gr\u00e0fica i l&#8217;esperit de la ic\u00f2nica imatge &#8220;<strong>El teu primer sol, la teua segona casa<\/strong>&#8220;, que en els anys 70 del segle passat va aconseguir captivar els estiuejants alhora que generava un sentiment d&#8217;orgull entre els residents, que va recuperar la corporaci\u00f3 en la passada edici\u00f3 de Fitur coincidint amb el 50 aniversari.<\/p>\n","protected":false},"excerpt":{"rendered":"<p>Ser\u00e0 el 22 de gener, a les 16:30 h, en la sala de premsa de l\u2019estand de la Comunitat Valenciana Moncofa es prepara per a presentar la seua nova campanya tur\u00edstica 2025 &#8220;En Pasqua ja \u00e9s estiu a Moncofa&#8221; en la Fira Internacional de Turisme (Fitur). La presentaci\u00f3 tindr\u00e0 lloc el pr\u00f2xim 22 de gener &#8230; <a title=\"Moncofa presenta en Fitur la campanya &#8220;En Pasqua ja \u00e9s estiu a Moncofa&#8221;\" class=\"read-more\" href=\"https:\/\/elcafedepipa.com\/index.php\/2025\/01\/17\/moncofa-presenta-en-fitur-la-campanya-en-pasqua-ja-es-estiu-a-moncofa\/\" aria-label=\"M\u00e9s informaci\u00f3 sobre Moncofa presenta en Fitur la campanya &#8220;En Pasqua ja \u00e9s estiu a Moncofa&#8221;\">Read more<\/a><\/p>\n","protected":false},"author":2,"featured_media":9889,"comment_status":"closed","ping_status":"closed","sticky":false,"template":"","format":"standard","meta":{"om_disable_all_campaigns":false,"_monsterinsights_skip_tracking":false,"_monsterinsights_sitenote_active":false,"_monsterinsights_sitenote_note":"","_monsterinsights_sitenote_category":0,"_uf_show_specific_survey":0,"_uf_disable_surveys":false,"footnotes":""},"categories":[4],"tags":[],"class_list":["post-9888","post","type-post","status-publish","format-standard","has-post-thumbnail","hentry","category-moncofa"],"_links":{"self":[{"href":"https:\/\/elcafedepipa.com\/index.php\/wp-json\/wp\/v2\/posts\/9888","targetHints":{"allow":["GET"]}}],"collection":[{"href":"https:\/\/elcafedepipa.com\/index.php\/wp-json\/wp\/v2\/posts"}],"about":[{"href":"https:\/\/elcafedepipa.com\/index.php\/wp-json\/wp\/v2\/types\/post"}],"author":[{"embeddable":true,"href":"https:\/\/elcafedepipa.com\/index.php\/wp-json\/wp\/v2\/users\/2"}],"replies":[{"embeddable":true,"href":"https:\/\/elcafedepipa.com\/index.php\/wp-json\/wp\/v2\/comments?post=9888"}],"version-history":[{"count":0,"href":"https:\/\/elcafedepipa.com\/index.php\/wp-json\/wp\/v2\/posts\/9888\/revisions"}],"wp:featuredmedia":[{"embeddable":true,"href":"https:\/\/elcafedepipa.com\/index.php\/wp-json\/wp\/v2\/media\/9889"}],"wp:attachment":[{"href":"https:\/\/elcafedepipa.com\/index.php\/wp-json\/wp\/v2\/media?parent=9888"}],"wp:term":[{"taxonomy":"category","embeddable":true,"href":"https:\/\/elcafedepipa.com\/index.php\/wp-json\/wp\/v2\/categories?post=9888"},{"taxonomy":"post_tag","embeddable":true,"href":"https:\/\/elcafedepipa.com\/index.php\/wp-json\/wp\/v2\/tags?post=9888"}],"curies":[{"name":"wp","href":"https:\/\/api.w.org\/{rel}","templated":true}]}}