{"id":9885,"date":"2025-01-17T20:27:20","date_gmt":"2025-01-17T19:27:20","guid":{"rendered":"https:\/\/elcafedepipa.com\/?p=9885"},"modified":"2025-01-17T20:27:21","modified_gmt":"2025-01-17T19:27:21","slug":"els-socialistes-de-xilxes-en-contra-de-que-mazon-estiga-dema-dissabte-en-la-celebracio-del-400-aniversari-de-la-troballa-del-crist-de-la-jonquera","status":"publish","type":"post","link":"https:\/\/elcafedepipa.com\/index.php\/2025\/01\/17\/els-socialistes-de-xilxes-en-contra-de-que-mazon-estiga-dema-dissabte-en-la-celebracio-del-400-aniversari-de-la-troballa-del-crist-de-la-jonquera\/","title":{"rendered":"Els socialistes de Xilxes en contra de que Maz\u00f3n estiga dem\u00e0 dissabte en la celebraci\u00f3 del 400 aniversari de la troballa del Crist de la Jonquera."},"content":{"rendered":"\n<p><strong>El PSPV de Xilxes ha expresat hui en xarxes el seu malestar pel fet que el President de la Generalitat Valenciana haja estat convidat dem\u00e0 dissabte a visitar la localitat en el dia gran de la celebraci\u00f3 del 400 aniversari de la troballa del Crist de la Jonquera. Literalment es pot llegir el seg\u00fcent comunicat:<\/strong><\/p>\n\n\n\n<p><em>El 18 de gener, dia de la celebraci\u00f3 del 400 aniversari de la troballa del Crist de la Jonquera, Patr\u00f3 de Xilxes, visitar\u00e0 el nostre poble el president Carlos Maz\u00f3n.<\/em><\/p>\n\n\n\n<p><em>Els socialistes lamentem profundament que es gasten les nostres senyes d\u2019identitat, poble i patr\u00f3, per a blanquejar la imatge del responsable de la pitjor cat\u00e0strofe natural que hem patit els valencians.<\/em><\/p>\n\n\n\n<p><em>Ens pareix molt greu que l\u2019equip de govern haja decidit convidar a esta persona a unes celebracions tan importants per als xilxers i xilxeres. En condicions normals estar\u00edem parlant de la visita d\u2019un president al poble, per\u00f2 tenint en compte el que va passar el 28 d\u2019octubre, ens pareix una humiliaci\u00f3 posar el poble i les seues institucions al servei del PP i de les seues vergonyes<\/em>.<\/p>\n\n\n\n<p><em>Ja s\u00f3n 224 les v\u00edctimes mortals per la DANA mes tots els danys materials i totes les trag\u00e8dies personals patides, moltes de les quals s\u2019hagueren pogut estalviar si el m\u00e0xim responsable dels valencians haguera fet la seua feina. Per contra, va preferir riures i criticar a les institucions que s\u00ed que van prendre mesures per a anticipar-se a la desgr\u00e0cia, impedint aix\u00ed que h\u00e0gem de lamentar m\u00e9s desgr\u00e0cies.<\/em><\/p>\n\n\n\n<p><em>Els socialistes de Xilxes volem que Carlos Maz\u00f3n s\u00e0piga que no el volem al poble, i menys perqu\u00e8 forme part de les celebracions del IV centenari. Si el president fora realment honorable ja hauria dimitit, i deixaria de riures de tots nosaltres.<\/em><\/p>\n\n\n\n<p><em>No a qu\u00e8 Maz\u00f3n vinga a Xilxes!<\/em><\/p>\n\n\n\n<p><\/p>\n\n\n\n<p><\/p>\n","protected":false},"excerpt":{"rendered":"<p>El PSPV de Xilxes ha expresat hui en xarxes el seu malestar pel fet que el President de la Generalitat Valenciana haja estat convidat dem\u00e0 dissabte a visitar la localitat en el dia gran de la celebraci\u00f3 del 400 aniversari de la troballa del Crist de la Jonquera. Literalment es pot llegir el seg\u00fcent comunicat: &#8230; <a title=\"Els socialistes de Xilxes en contra de que Maz\u00f3n estiga dem\u00e0 dissabte en la celebraci\u00f3 del 400 aniversari de la troballa del Crist de la Jonquera.\" class=\"read-more\" href=\"https:\/\/elcafedepipa.com\/index.php\/2025\/01\/17\/els-socialistes-de-xilxes-en-contra-de-que-mazon-estiga-dema-dissabte-en-la-celebracio-del-400-aniversari-de-la-troballa-del-crist-de-la-jonquera\/\" aria-label=\"M\u00e9s informaci\u00f3 sobre Els socialistes de Xilxes en contra de que Maz\u00f3n estiga dem\u00e0 dissabte en la celebraci\u00f3 del 400 aniversari de la troballa del Crist de la Jonquera.\">Read more<\/a><\/p>\n","protected":false},"author":2,"featured_media":9886,"comment_status":"open","ping_status":"open","sticky":false,"template":"","format":"standard","meta":{"om_disable_all_campaigns":false,"_monsterinsights_skip_tracking":false,"_monsterinsights_sitenote_active":false,"_monsterinsights_sitenote_note":"","_monsterinsights_sitenote_category":0,"_uf_show_specific_survey":0,"_uf_disable_surveys":false,"footnotes":""},"categories":[6],"tags":[],"class_list":["post-9885","post","type-post","status-publish","format-standard","has-post-thumbnail","hentry","category-xilxes"],"_links":{"self":[{"href":"https:\/\/elcafedepipa.com\/index.php\/wp-json\/wp\/v2\/posts\/9885","targetHints":{"allow":["GET"]}}],"collection":[{"href":"https:\/\/elcafedepipa.com\/index.php\/wp-json\/wp\/v2\/posts"}],"about":[{"href":"https:\/\/elcafedepipa.com\/index.php\/wp-json\/wp\/v2\/types\/post"}],"author":[{"embeddable":true,"href":"https:\/\/elcafedepipa.com\/index.php\/wp-json\/wp\/v2\/users\/2"}],"replies":[{"embeddable":true,"href":"https:\/\/elcafedepipa.com\/index.php\/wp-json\/wp\/v2\/comments?post=9885"}],"version-history":[{"count":0,"href":"https:\/\/elcafedepipa.com\/index.php\/wp-json\/wp\/v2\/posts\/9885\/revisions"}],"wp:featuredmedia":[{"embeddable":true,"href":"https:\/\/elcafedepipa.com\/index.php\/wp-json\/wp\/v2\/media\/9886"}],"wp:attachment":[{"href":"https:\/\/elcafedepipa.com\/index.php\/wp-json\/wp\/v2\/media?parent=9885"}],"wp:term":[{"taxonomy":"category","embeddable":true,"href":"https:\/\/elcafedepipa.com\/index.php\/wp-json\/wp\/v2\/categories?post=9885"},{"taxonomy":"post_tag","embeddable":true,"href":"https:\/\/elcafedepipa.com\/index.php\/wp-json\/wp\/v2\/tags?post=9885"}],"curies":[{"name":"wp","href":"https:\/\/api.w.org\/{rel}","templated":true}]}}