{"id":9882,"date":"2025-01-17T20:17:35","date_gmt":"2025-01-17T19:17:35","guid":{"rendered":"https:\/\/elcafedepipa.com\/?p=9882"},"modified":"2025-01-17T20:17:36","modified_gmt":"2025-01-17T19:17:36","slug":"lajuntament-de-la-vall-duixo-dona-suport-al-si-al-valencia-en-la-consulta-als-centres-educatius","status":"publish","type":"post","link":"https:\/\/elcafedepipa.com\/index.php\/2025\/01\/17\/lajuntament-de-la-vall-duixo-dona-suport-al-si-al-valencia-en-la-consulta-als-centres-educatius\/","title":{"rendered":"L&#8217;Ajuntament de la Vall d\u2019Uix\u00f3 dona suport al S\u00cd al valenci\u00e0 en la consulta als centres educatius"},"content":{"rendered":"\n<p><strong>\u2018El valenci\u00e0 no \u00e9s un joc\u2019 \u00e9s el lema d&#8217;esta iniciativa que defensa l&#8217;\u00fas de la nostra llengua i el seu ensenyament en els col\u00b7legis<\/strong><\/p>\n\n\n\n<p>L&#8217;Ajuntament de la Vall d&#8217;Uix\u00f3 ha iniciat una campanya per a fomentar l&#8217;\u00fas del valenci\u00e0 i donar suport al S\u00cd al valenci\u00e0 en la consulta que la Generalitat Valenciana realitzar\u00e0 en els centres educatius, previsiblement el mes de febrer si b\u00e9 encara no s&#8217;ha convocat oficialment.<\/p>\n\n\n\n<p>Les regidories d&#8217;Educaci\u00f3 i Promoci\u00f3 Ling\u00fc\u00edstica han llan\u00e7at el lema \u2018El valenci\u00e0 no \u00e9s un joc\u2019 i diverses il\u00b7lustracions acompanyades de frases fetes i dites populars. A m\u00e9s de la seua difusi\u00f3 en les xarxes socials, mupis i mitjans locals, tamb\u00e9 hi ha cartelleria disponible en l&#8217;entrada de la Biblioteca i dels col\u00b7legis perqu\u00e8 la ciutadania puga fer-se fotos donant el seu suport al valenci\u00e0 i publicar-les en els seus propis perfils.<\/p>\n\n\n\n<p>La Llei \u201cdiu que les institucions p\u00fabliques tenim el dret i l&#8217;obligaci\u00f3 de defensar les nostres lleng\u00fces oficials, especialment les lleng\u00fces hist\u00f2riques, moltes vegades minoritzades\u201d, ha apuntat la regidora d&#8217;Educaci\u00f3, Maria Cruces. Aix\u00ed, esta campanya institucional es llan\u00e7a \u201cdavant l&#8217;atac fulminant de la Generalitat Valenciana a la nostra llengua\u201d.<\/p>\n\n\n\n<p>Per part seua, el regidor de Promoci\u00f3 Ling\u00fc\u00edstica, Jorge Marqu\u00e9s, ha reiterat \u201cel posicionament clar de l&#8217;Ajuntament en la promoci\u00f3 i l&#8217;\u00fas del valenci\u00e0, perqu\u00e8 \u00e9s la llengua que ens identifica com a valencians i valencianes\u201d. La pr\u00f2xima consulta \u201csuposar\u00e0 decidir si els xiquets i xiquetes aprenen la nostra llengua o no\u201d i \u201cpodria donar-se el cas que es creen generacions que no l&#8217;aprenguen\u201d, ha assenyalat.<\/p>\n\n\n\n<p>Tots dos edils han defensat que \u201cla Generalitat Valenciana i el PP han creat un problema on no n&#8217;hi ha, perqu\u00e8 amb el sistema actual l&#8217;alumnat acaba la seua escolaritzaci\u00f3 en l&#8217;educaci\u00f3 p\u00fablica amb les mateixes compet\u00e8ncies ling\u00fc\u00edstiques en valenci\u00e0 i castell\u00e0, que s\u00f3n les nostres dues lleng\u00fces oficials\u201d.<\/p>\n","protected":false},"excerpt":{"rendered":"<p>\u2018El valenci\u00e0 no \u00e9s un joc\u2019 \u00e9s el lema d&#8217;esta iniciativa que defensa l&#8217;\u00fas de la nostra llengua i el seu ensenyament en els col\u00b7legis L&#8217;Ajuntament de la Vall d&#8217;Uix\u00f3 ha iniciat una campanya per a fomentar l&#8217;\u00fas del valenci\u00e0 i donar suport al S\u00cd al valenci\u00e0 en la consulta que la Generalitat Valenciana realitzar\u00e0 &#8230; <a title=\"L&#8217;Ajuntament de la Vall d\u2019Uix\u00f3 dona suport al S\u00cd al valenci\u00e0 en la consulta als centres educatius\" class=\"read-more\" href=\"https:\/\/elcafedepipa.com\/index.php\/2025\/01\/17\/lajuntament-de-la-vall-duixo-dona-suport-al-si-al-valencia-en-la-consulta-als-centres-educatius\/\" aria-label=\"M\u00e9s informaci\u00f3 sobre L&#8217;Ajuntament de la Vall d\u2019Uix\u00f3 dona suport al S\u00cd al valenci\u00e0 en la consulta als centres educatius\">Read more<\/a><\/p>\n","protected":false},"author":2,"featured_media":9883,"comment_status":"closed","ping_status":"closed","sticky":false,"template":"","format":"standard","meta":{"om_disable_all_campaigns":false,"_monsterinsights_skip_tracking":false,"_monsterinsights_sitenote_active":false,"_monsterinsights_sitenote_note":"","_monsterinsights_sitenote_category":0,"_uf_show_specific_survey":0,"_uf_disable_surveys":false,"footnotes":""},"categories":[1],"tags":[],"class_list":["post-9882","post","type-post","status-publish","format-standard","has-post-thumbnail","hentry","category-non-classe"],"_links":{"self":[{"href":"https:\/\/elcafedepipa.com\/index.php\/wp-json\/wp\/v2\/posts\/9882","targetHints":{"allow":["GET"]}}],"collection":[{"href":"https:\/\/elcafedepipa.com\/index.php\/wp-json\/wp\/v2\/posts"}],"about":[{"href":"https:\/\/elcafedepipa.com\/index.php\/wp-json\/wp\/v2\/types\/post"}],"author":[{"embeddable":true,"href":"https:\/\/elcafedepipa.com\/index.php\/wp-json\/wp\/v2\/users\/2"}],"replies":[{"embeddable":true,"href":"https:\/\/elcafedepipa.com\/index.php\/wp-json\/wp\/v2\/comments?post=9882"}],"version-history":[{"count":0,"href":"https:\/\/elcafedepipa.com\/index.php\/wp-json\/wp\/v2\/posts\/9882\/revisions"}],"wp:featuredmedia":[{"embeddable":true,"href":"https:\/\/elcafedepipa.com\/index.php\/wp-json\/wp\/v2\/media\/9883"}],"wp:attachment":[{"href":"https:\/\/elcafedepipa.com\/index.php\/wp-json\/wp\/v2\/media?parent=9882"}],"wp:term":[{"taxonomy":"category","embeddable":true,"href":"https:\/\/elcafedepipa.com\/index.php\/wp-json\/wp\/v2\/categories?post=9882"},{"taxonomy":"post_tag","embeddable":true,"href":"https:\/\/elcafedepipa.com\/index.php\/wp-json\/wp\/v2\/tags?post=9882"}],"curies":[{"name":"wp","href":"https:\/\/api.w.org\/{rel}","templated":true}]}}