{"id":9869,"date":"2025-01-17T09:30:00","date_gmt":"2025-01-17T08:30:00","guid":{"rendered":"https:\/\/elcafedepipa.com\/?p=9869"},"modified":"2025-01-16T21:37:42","modified_gmt":"2025-01-16T20:37:42","slug":"la-provincia-de-castello-sera-escenari-de-letapa-reina-de-la-76vcv-volta-a-la-comunitat-valenciana","status":"publish","type":"post","link":"https:\/\/elcafedepipa.com\/index.php\/2025\/01\/17\/la-provincia-de-castello-sera-escenari-de-letapa-reina-de-la-76vcv-volta-a-la-comunitat-valenciana\/","title":{"rendered":"La prov\u00edncia de Castell\u00f3 ser\u00e0 escenari de l&#8217;etapa Reina de la 76VCV Volta a la Comunitat Valenciana"},"content":{"rendered":"\n<p>La prov\u00edncia de Castell\u00f3 ser\u00e0 escenari de l&#8217;etapa Reina de la 76VCV Volta a la Comunitat Gran Premi Banc Sabadell que se celebrar\u00e0 del 5 al 9 de febrer.<\/p>\n\n\n\n<p>El diputat d&#8217;Esports, Iv\u00e1n S\u00e1nchez, ha assistit esta vesprada a la presentaci\u00f3 de la 76a edici\u00f3 de la ronda valenciana. Un acte en el qual s&#8217;han donat a con\u00e9ixer les cinc etapes, el recorregut i els perfils de la prova ciclista que tornar\u00e0 a situar a Castell\u00f3 en el mapa del ciclisme mundial.<\/p>\n\n\n\n<p>\u201cLa Volta a la Comunitat Valenciana ens brinda l&#8217;oportunitat de mostrar al m\u00f3n els paisatges de Castell\u00f3, una terra dual, de mar i muntanya, com el millor territori per a gaudir del ciclisme i de qualsevol experi\u00e8ncia esportiva i tur\u00edstica que es preste\u201d, ha subratllat Iv\u00e1n S\u00e1nchez.<\/p>\n\n\n\n<p>Aix\u00ed doncs, l&#8217;etapa que transcorrer\u00e0 pel territori provincial tindr\u00e0 la seua eixida a Oropesa i meta en Portell. \u201cUna jornada per a eixir al carrer per a gaudir d&#8217;este gran esdeveniment ciclista i mostrar-li al m\u00f3n les innombrables bondats i atributs de la nostra terra\u201d.<\/p>\n\n\n\n<p>Per a Castell\u00f3, tal com ha ressaltat el diputat durant l&#8217;acte de presentaci\u00f3, \u201c\u00e9s un orgull i un privilegi\u201d ser escenari de l&#8217;etapa regna de la 76VCV. \u201cEste fet refor\u00e7a el nostre comprom\u00eds amb l&#8217;esport com a motor de desenrotllament social, tur\u00edstic i econ\u00f2mic. Castell\u00f3 es consolida com un referent en el ciclisme internacional, atraient no sols als millors equips i ciclistes, sin\u00f3 tamb\u00e9 l&#8217;atenci\u00f3 d&#8217;aficionats i mitjans de comunicaci\u00f3 de tot el m\u00f3n\u201d.<\/p>\n\n\n\n<p>Durant l&#8217;esdeveniment, tamb\u00e9 s&#8217;ha presentat la 7a VCV F\u00e9minas Gran Premi TUAWA 2025, que es disputar\u00e0 el diumenge 9 de febrer, paral\u00b7lelament a l&#8217;\u00faltima etapa de la Volta a la Comunitat Valenciana.<\/p>\n\n\n\n<p><\/p>\n","protected":false},"excerpt":{"rendered":"<p>La prov\u00edncia de Castell\u00f3 ser\u00e0 escenari de l&#8217;etapa Reina de la 76VCV Volta a la Comunitat Gran Premi Banc Sabadell que se celebrar\u00e0 del 5 al 9 de febrer. El diputat d&#8217;Esports, Iv\u00e1n S\u00e1nchez, ha assistit esta vesprada a la presentaci\u00f3 de la 76a edici\u00f3 de la ronda valenciana. Un acte en el qual s&#8217;han &#8230; <a title=\"La prov\u00edncia de Castell\u00f3 ser\u00e0 escenari de l&#8217;etapa Reina de la 76VCV Volta a la Comunitat Valenciana\" class=\"read-more\" href=\"https:\/\/elcafedepipa.com\/index.php\/2025\/01\/17\/la-provincia-de-castello-sera-escenari-de-letapa-reina-de-la-76vcv-volta-a-la-comunitat-valenciana\/\" aria-label=\"M\u00e9s informaci\u00f3 sobre La prov\u00edncia de Castell\u00f3 ser\u00e0 escenari de l&#8217;etapa Reina de la 76VCV Volta a la Comunitat Valenciana\">Read more<\/a><\/p>\n","protected":false},"author":2,"featured_media":9871,"comment_status":"closed","ping_status":"closed","sticky":false,"template":"","format":"standard","meta":{"om_disable_all_campaigns":false,"_monsterinsights_skip_tracking":false,"_monsterinsights_sitenote_active":false,"_monsterinsights_sitenote_note":"","_monsterinsights_sitenote_category":0,"_uf_show_specific_survey":0,"_uf_disable_surveys":false,"footnotes":""},"categories":[10],"tags":[],"class_list":["post-9869","post","type-post","status-publish","format-standard","has-post-thumbnail","hentry","category-provinciadecastello"],"_links":{"self":[{"href":"https:\/\/elcafedepipa.com\/index.php\/wp-json\/wp\/v2\/posts\/9869","targetHints":{"allow":["GET"]}}],"collection":[{"href":"https:\/\/elcafedepipa.com\/index.php\/wp-json\/wp\/v2\/posts"}],"about":[{"href":"https:\/\/elcafedepipa.com\/index.php\/wp-json\/wp\/v2\/types\/post"}],"author":[{"embeddable":true,"href":"https:\/\/elcafedepipa.com\/index.php\/wp-json\/wp\/v2\/users\/2"}],"replies":[{"embeddable":true,"href":"https:\/\/elcafedepipa.com\/index.php\/wp-json\/wp\/v2\/comments?post=9869"}],"version-history":[{"count":0,"href":"https:\/\/elcafedepipa.com\/index.php\/wp-json\/wp\/v2\/posts\/9869\/revisions"}],"wp:featuredmedia":[{"embeddable":true,"href":"https:\/\/elcafedepipa.com\/index.php\/wp-json\/wp\/v2\/media\/9871"}],"wp:attachment":[{"href":"https:\/\/elcafedepipa.com\/index.php\/wp-json\/wp\/v2\/media?parent=9869"}],"wp:term":[{"taxonomy":"category","embeddable":true,"href":"https:\/\/elcafedepipa.com\/index.php\/wp-json\/wp\/v2\/categories?post=9869"},{"taxonomy":"post_tag","embeddable":true,"href":"https:\/\/elcafedepipa.com\/index.php\/wp-json\/wp\/v2\/tags?post=9869"}],"curies":[{"name":"wp","href":"https:\/\/api.w.org\/{rel}","templated":true}]}}