{"id":9855,"date":"2025-01-16T18:23:18","date_gmt":"2025-01-16T17:23:18","guid":{"rendered":"https:\/\/elcafedepipa.com\/?p=9855"},"modified":"2025-01-16T18:23:19","modified_gmt":"2025-01-16T17:23:19","slug":"el-psoe-seguix-sense-presentar-un-pressupost-per-a-la-vall-i-el-pp-exigix-a-lalcaldessa-que-explique-el-retard-perque-perjudica-el-municipi","status":"publish","type":"post","link":"https:\/\/elcafedepipa.com\/index.php\/2025\/01\/16\/el-psoe-seguix-sense-presentar-un-pressupost-per-a-la-vall-i-el-pp-exigix-a-lalcaldessa-que-explique-el-retard-perque-perjudica-el-municipi\/","title":{"rendered":"El PSOE seguix sense presentar un pressupost per a la Vall i el PP exigix a l&#8217;alcaldessa que explique el retard \u201cperqu\u00e8 perjudica el municipi\u201d"},"content":{"rendered":"\n<p>Aix\u00ed ho ha manifestat la regidora del PP en la localitat, Mar\u00eda Jos\u00e9 Aragon\u00e9s, qui ha posat de manifest la \u201cfalta de comprom\u00eds\u201d de l&#8217;equip de govern que lidera la socialista Tania Ba\u00f1os amb la poblaci\u00f3. \u201cL&#8217;abs\u00e8ncia d&#8217;uns comptes bloqueja inversions i desenrotllament. I el problema \u00e9s que tampoc ens informen dels terminis que manegen\u201d.<\/p>\n\n\n\n<p>Per a la regidora del Partit Popular, \u201c\u00e9s preocupant la situaci\u00f3 en la qual ens trobem i revela que els n\u00fameros no quadren\u201d. La Vall, com la resta de localitats de la prov\u00edncia, imposar\u00e0 este 2025 el \u2018basurazo\u2019 de Pedro S\u00e1nchez que suposar\u00e0 \u201cun increment del cost de la vida\u201d.<\/p>\n\n\n\n<p>Amb el socialisme, mant\u00e9 la regidora, \u201cla vida cada dia \u00e9s m\u00e9s cara. No obstant aix\u00f2, els servicis, les prestacions, els recursos que garantixen benestar no creixen al mateix ritme. Al contrari, retrocedixen\u201d.<\/p>\n\n\n\n<p>En este sentit, Mar\u00eda Jos\u00e9 Aragon\u00e9s demana a l&#8217;alcaldessa \u201cque informe\u201d. \u201cVolem saber els motius que estan provocant este retard extraordinari en l&#8217;aprovaci\u00f3 de l&#8217;exercici econ\u00f2mic per a 2025\u201d. Perqu\u00e8 tal com indica la regidora, \u201cla vida de la Vall no pot ni deu paralitzar-se. Hem de continuar pagant als nostres prove\u00efdors, gestionant servicis i invertint en millores. Hi ha molta faena pendent i el pressupost \u00e9s b\u00e0sic per a avan\u00e7ar\u201d, ha concl\u00f2s la regidora del PP.<\/p>\n","protected":false},"excerpt":{"rendered":"<p>Aix\u00ed ho ha manifestat la regidora del PP en la localitat, Mar\u00eda Jos\u00e9 Aragon\u00e9s, qui ha posat de manifest la \u201cfalta de comprom\u00eds\u201d de l&#8217;equip de govern que lidera la socialista Tania Ba\u00f1os amb la poblaci\u00f3. \u201cL&#8217;abs\u00e8ncia d&#8217;uns comptes bloqueja inversions i desenrotllament. I el problema \u00e9s que tampoc ens informen dels terminis que manegen\u201d. &#8230; <a title=\"El PSOE seguix sense presentar un pressupost per a la Vall i el PP exigix a l&#8217;alcaldessa que explique el retard \u201cperqu\u00e8 perjudica el municipi\u201d\" class=\"read-more\" href=\"https:\/\/elcafedepipa.com\/index.php\/2025\/01\/16\/el-psoe-seguix-sense-presentar-un-pressupost-per-a-la-vall-i-el-pp-exigix-a-lalcaldessa-que-explique-el-retard-perque-perjudica-el-municipi\/\" aria-label=\"M\u00e9s informaci\u00f3 sobre El PSOE seguix sense presentar un pressupost per a la Vall i el PP exigix a l&#8217;alcaldessa que explique el retard \u201cperqu\u00e8 perjudica el municipi\u201d\">Read more<\/a><\/p>\n","protected":false},"author":2,"featured_media":9856,"comment_status":"closed","ping_status":"closed","sticky":false,"template":"","format":"standard","meta":{"om_disable_all_campaigns":false,"_monsterinsights_skip_tracking":false,"_monsterinsights_sitenote_active":false,"_monsterinsights_sitenote_note":"","_monsterinsights_sitenote_category":0,"_uf_show_specific_survey":0,"_uf_disable_surveys":false,"footnotes":""},"categories":[1],"tags":[],"class_list":["post-9855","post","type-post","status-publish","format-standard","has-post-thumbnail","hentry","category-non-classe"],"_links":{"self":[{"href":"https:\/\/elcafedepipa.com\/index.php\/wp-json\/wp\/v2\/posts\/9855","targetHints":{"allow":["GET"]}}],"collection":[{"href":"https:\/\/elcafedepipa.com\/index.php\/wp-json\/wp\/v2\/posts"}],"about":[{"href":"https:\/\/elcafedepipa.com\/index.php\/wp-json\/wp\/v2\/types\/post"}],"author":[{"embeddable":true,"href":"https:\/\/elcafedepipa.com\/index.php\/wp-json\/wp\/v2\/users\/2"}],"replies":[{"embeddable":true,"href":"https:\/\/elcafedepipa.com\/index.php\/wp-json\/wp\/v2\/comments?post=9855"}],"version-history":[{"count":0,"href":"https:\/\/elcafedepipa.com\/index.php\/wp-json\/wp\/v2\/posts\/9855\/revisions"}],"wp:featuredmedia":[{"embeddable":true,"href":"https:\/\/elcafedepipa.com\/index.php\/wp-json\/wp\/v2\/media\/9856"}],"wp:attachment":[{"href":"https:\/\/elcafedepipa.com\/index.php\/wp-json\/wp\/v2\/media?parent=9855"}],"wp:term":[{"taxonomy":"category","embeddable":true,"href":"https:\/\/elcafedepipa.com\/index.php\/wp-json\/wp\/v2\/categories?post=9855"},{"taxonomy":"post_tag","embeddable":true,"href":"https:\/\/elcafedepipa.com\/index.php\/wp-json\/wp\/v2\/tags?post=9855"}],"curies":[{"name":"wp","href":"https:\/\/api.w.org\/{rel}","templated":true}]}}