{"id":9841,"date":"2025-01-16T14:59:01","date_gmt":"2025-01-16T13:59:01","guid":{"rendered":"https:\/\/elcafedepipa.com\/?p=9841"},"modified":"2025-01-16T14:59:02","modified_gmt":"2025-01-16T13:59:02","slug":"moncofa-posa-en-marxa-dos-tallers-docupacio-amb-una-inversio-de-824-000-e","status":"publish","type":"post","link":"https:\/\/elcafedepipa.com\/index.php\/2025\/01\/16\/moncofa-posa-en-marxa-dos-tallers-docupacio-amb-una-inversio-de-824-000-e\/","title":{"rendered":"Moncofa posa en marxa dos tallers d\u2019ocupaci\u00f3 amb una inversi\u00f3 de 824.000 \u20ac"},"content":{"rendered":"\n<p>L&#8217;Ajuntament de Moncofa posar\u00e0 en marxa en 2025 dos tallers d&#8217;ocupaci\u00f3 en el marc del projecte \u2018Acci\u00f3n Inserta\u2019, promogut per Labora. Es tracta de programes mixtos que ofereixen ocupaci\u00f3 i formaci\u00f3 i l&#8217;objectiu dels quals \u00e9s fomentar l&#8217;ocupabilitat de persones en situaci\u00f3 de vulnerabilitat o amb dificultats d&#8217;integraci\u00f3 en el mercat laboral. La inversi\u00f3 total superar\u00e0 els 824.000 \u20ac.<\/p>\n\n\n\n<p>Els dos tallers estaran centrats en les especialitats de jardineria i construcci\u00f3 i facilitaran la inserci\u00f3 al mercat laboral de 40 persones desocupades del municipi durant un any. A m\u00e9s, comptaran amb un equip t\u00e8cnic i docent format per 10 professionals, la qual cosa eleva a 50 el nombre de persones ocupades gr\u00e0cies a estos programes.<\/p>\n\n\n\n<p>A m\u00e9s de millorar l&#8217;ocupabilitat de la poblaci\u00f3, els tallers d&#8217;ocupaci\u00f3 contribuiran al desenvolupament i manteniment del municipi. En el cas del de construcci\u00f3, els participants treballaran en la remodelaci\u00f3 de l&#8217;immoble del carrer Magdalena, que es destinar\u00e0 a les associacions del municipi, i en la millora de l&#8217;accessibilitat en diferents zones de Moncofa, com el parc de la S\u00e9nia.<\/p>\n\n\n\n<p>Per part seua, el taller de jardineria se centrar\u00e0 en labors de manteniment i conservaci\u00f3 del Sender Blau, un enclavament ambiental essencial a Moncofa, aix\u00ed com en la zona verda al costat del riu, on es troben els paellers, una de les zones d&#8217;oci i esbargiment m\u00e9s importants del municipi.<\/p>\n\n\n\n<p>El regidor d&#8217;Ocupaci\u00f3, Jos\u00e9 Mar\u00eda Andr\u00e9s Al\u00f3s, ha destacat que estos tallers \u201cs\u00f3n una mostra de l&#8217;esfor\u00e7 que realitza l&#8217;Ajuntament per a millorar l&#8217;ocupabilitat dels nostres ve\u00efns i ve\u00efnes, especialment d&#8217;aquelles persones que tenen majors dificultats per a accedir al mercat laboral. No sols ofereixen formaci\u00f3 de qualitat, sin\u00f3 que tamb\u00e9 permet a qui participa contribuir a millorar el nostre municipi amb projectes de gran valor social i ambiental\u201d.<\/p>\n\n\n\n<p>En este sentit, l&#8217;edil ha subratllat el treball realitzat per part del consistori per a la consecuci\u00f3 d&#8217;estos programes i ha reafirmat el comprom\u00eds de l&#8217;equip de govern \u201cen la lluita contra la desocupaci\u00f3 i la integraci\u00f3 social, oferint oportunitats de creixement personal i professional a qui m\u00e9s ho necessita\u201d.<\/p>\n","protected":false},"excerpt":{"rendered":"<p>L&#8217;Ajuntament de Moncofa posar\u00e0 en marxa en 2025 dos tallers d&#8217;ocupaci\u00f3 en el marc del projecte \u2018Acci\u00f3n Inserta\u2019, promogut per Labora. Es tracta de programes mixtos que ofereixen ocupaci\u00f3 i formaci\u00f3 i l&#8217;objectiu dels quals \u00e9s fomentar l&#8217;ocupabilitat de persones en situaci\u00f3 de vulnerabilitat o amb dificultats d&#8217;integraci\u00f3 en el mercat laboral. La inversi\u00f3 total &#8230; <a title=\"Moncofa posa en marxa dos tallers d\u2019ocupaci\u00f3 amb una inversi\u00f3 de 824.000 \u20ac\" class=\"read-more\" href=\"https:\/\/elcafedepipa.com\/index.php\/2025\/01\/16\/moncofa-posa-en-marxa-dos-tallers-docupacio-amb-una-inversio-de-824-000-e\/\" aria-label=\"M\u00e9s informaci\u00f3 sobre Moncofa posa en marxa dos tallers d\u2019ocupaci\u00f3 amb una inversi\u00f3 de 824.000 \u20ac\">Read more<\/a><\/p>\n","protected":false},"author":2,"featured_media":9843,"comment_status":"closed","ping_status":"closed","sticky":false,"template":"","format":"standard","meta":{"om_disable_all_campaigns":false,"_monsterinsights_skip_tracking":false,"_monsterinsights_sitenote_active":false,"_monsterinsights_sitenote_note":"","_monsterinsights_sitenote_category":0,"_uf_show_specific_survey":0,"_uf_disable_surveys":false,"footnotes":""},"categories":[4],"tags":[],"class_list":["post-9841","post","type-post","status-publish","format-standard","has-post-thumbnail","hentry","category-moncofa"],"_links":{"self":[{"href":"https:\/\/elcafedepipa.com\/index.php\/wp-json\/wp\/v2\/posts\/9841","targetHints":{"allow":["GET"]}}],"collection":[{"href":"https:\/\/elcafedepipa.com\/index.php\/wp-json\/wp\/v2\/posts"}],"about":[{"href":"https:\/\/elcafedepipa.com\/index.php\/wp-json\/wp\/v2\/types\/post"}],"author":[{"embeddable":true,"href":"https:\/\/elcafedepipa.com\/index.php\/wp-json\/wp\/v2\/users\/2"}],"replies":[{"embeddable":true,"href":"https:\/\/elcafedepipa.com\/index.php\/wp-json\/wp\/v2\/comments?post=9841"}],"version-history":[{"count":0,"href":"https:\/\/elcafedepipa.com\/index.php\/wp-json\/wp\/v2\/posts\/9841\/revisions"}],"wp:featuredmedia":[{"embeddable":true,"href":"https:\/\/elcafedepipa.com\/index.php\/wp-json\/wp\/v2\/media\/9843"}],"wp:attachment":[{"href":"https:\/\/elcafedepipa.com\/index.php\/wp-json\/wp\/v2\/media?parent=9841"}],"wp:term":[{"taxonomy":"category","embeddable":true,"href":"https:\/\/elcafedepipa.com\/index.php\/wp-json\/wp\/v2\/categories?post=9841"},{"taxonomy":"post_tag","embeddable":true,"href":"https:\/\/elcafedepipa.com\/index.php\/wp-json\/wp\/v2\/tags?post=9841"}],"curies":[{"name":"wp","href":"https:\/\/api.w.org\/{rel}","templated":true}]}}