{"id":9821,"date":"2025-01-16T14:45:59","date_gmt":"2025-01-16T13:45:59","guid":{"rendered":"https:\/\/elcafedepipa.com\/?p=9821"},"modified":"2025-01-16T14:46:37","modified_gmt":"2025-01-16T13:46:37","slug":"la-unio-assessora-a-les-persones-afectades-per-la-gran-planta-fotovoltaica-i-linia-devacuacio-que-destrossara-mes-de-280-hectarees-de-cultiu-a-la-plana-baixa","status":"publish","type":"post","link":"https:\/\/elcafedepipa.com\/index.php\/2025\/01\/16\/la-unio-assessora-a-les-persones-afectades-per-la-gran-planta-fotovoltaica-i-linia-devacuacio-que-destrossara-mes-de-280-hectarees-de-cultiu-a-la-plana-baixa\/","title":{"rendered":"LA UNI\u00d3 assessora a les persones afectades per la gran planta fotovoltaica i l\u00ednia d&#8217;evacuaci\u00f3 que &#8220;destrossar\u00e0&#8221; m\u00e9s de 280 hect\u00e0rees de cultiu a la Plana Baixa"},"content":{"rendered":"\n<p><strong>Moltes de les terres estan en s\u00f2l \u00fatil de regadiu amb gran valor agroecol\u00f2gic<\/strong><\/p>\n\n\n\n<p>La Uni\u00f3 Llauradora assessora a totes aquelles persones afectades per la construcci\u00f3 d&#8217;una gran planta fotovoltaica i la seua infraestructura d&#8217;evacuaci\u00f3 a la comarca de la Plana Baixa que afectar\u00e0 m\u00e9s de 280 hect\u00e0rees de cultiu, moltes d&#8217;elles en s\u00f2l \u00fatil de regadiu amb gran valor agroecol\u00f2gic.<\/p>\n\n\n\n<p>El projecte preveu ocupar m\u00e9s de 570 parcel\u00b7les de s\u00f2l agr\u00edcola per a la implantaci\u00f3 de quasi 339.000 m\u00f2duls fotovoltaics i se situar\u00e0 en els termes municipals de Vall d&#8217;Uix\u00f3, Xilxes, i Moncofa. Tamb\u00e9 es contempla la construcci\u00f3 d&#8217;una nova subestaci\u00f3 el\u00e8ctrica on evacuar\u00e0 la planta mitjan\u00e7ant una l\u00ednia de mitjana tensi\u00f3 de quasi 18 quil\u00f2metres de longitud, que travessar\u00e0 els termes de la Vall d&#8217;Uix\u00f3, Nules, Borriana, les Alqueries, Vila-real i Betx\u00ed.<\/p>\n\n\n\n<p>L&#8217;empresa promotora \u00e9s Arada Solar, filial de la multinacional noruega de renovables Statkraft, i aposta per arribar a acords amb els propietaris a trav\u00e9s de contractes de compravenda o de lloguer de les terres per\u00f2 amb uns preus molt baixos que varien en funci\u00f3 de si s\u00f3n en propietat o en arrendament. En el primer dels casos s&#8217;ofereixen 2.500 \u20ac\/fanecada que augmenten fins als 2.800 si es tracta de c\u00edtrics i per al segon es dona una renda anual de 150 \u20ac\/fanecada que puja fins a 650 \u20ac per a c\u00edtrics i una prima a la signatura de 200 \u20ac\/ha.<\/p>\n\n\n\n<p>S\u00f3n preus, segons LA UNI\u00d3, que se situen per davall del que ve marcant com a preu just el Jurat Provincial d&#8217;Expropiacions de Castell\u00f3 en els \u00faltims processos expropiatoris de terres de cultiu per la zona, ja que pr\u00e0cticament dupliquen els de Arada Solar. \u201cUn llaurador amb eixos diners que li ofereixen \u00e9s complicat que puga comprar un altre terreny a prop i escometre les inversions necess\u00e0ries per a dur a terme un nou projecte agrari\u201d, assegura LA UNI\u00d3.<\/p>\n\n\n\n<p>LA UNI\u00d3 mostra de nou la seua oposici\u00f3 davant la greu p\u00e8rdua de superf\u00edcie agr\u00e0ria i el mal que se li provoca a uns llauradors que han fet, al costat de les Administracions, una important inversi\u00f3 en els seus camps, tamb\u00e9 amb modernitzaci\u00f3 de regadius, i que ara veuran com eixe esfor\u00e7 queda en dubte.<\/p>\n\n\n\n<p>En cas que es duga a terme aquest projecte es perdria una important zona de cultiu agr\u00edcola i en conseq\u00fc\u00e8ncia es veurien afectades en gran manera les entitats de reg que subministren l&#8217;aigua a la zona plantejada, i donada la gran extensi\u00f3 en la qual es pret\u00e9n actuar, pot arribar a provocar la inviabilitat de l&#8217;activitat que desenvolupen i la seua desaparici\u00f3 com a col\u00b7lectiu de reg<\/p>\n\n\n\n<p>LA UNI\u00d3 insisteix que est\u00e0 a favor de les energies renovables, per\u00f2 implantades d&#8217;una forma racional, sostenible, aprofitant zones no productives, pol\u00edgons, etc. Reitera una vegada m\u00e9s que es prioritze l&#8217;autoconsum energ\u00e8tic en lloc de construir grans plantes fotovoltaiques que destrossen el territori rural i que posen en perill una important superf\u00edcie de terrenys agr\u00edcoles en plena producci\u00f3, a m\u00e9s d&#8217;aniquilar la forma de vida de les persones que tenen el seu projecte vital en aquestes zones.<\/p>\n\n\n\n<p>L&#8217;organitzaci\u00f3 aposta per potenciar l&#8217;autoconsum en les teulades de les zones urbanes, en els pol\u00edgons industrials, en zones degradades i en infraestructures o edificis de propietat p\u00fablica en les zones demandants d&#8217;energia per a no destruir el territori rural.<\/p>\n\n\n\n<p>La concentraci\u00f3 d&#8217;instal\u00b7lacions fotovoltaiques en grans plantes situades en s\u00f2l agr\u00edcola o forestal \u00e9s una clara agressi\u00f3 al m\u00f3n rural ja suficient abandonat i despoblat. \u201cEns volen imposar grans projectes fotovoltaics sense cap mena de racionalitat quan caldria acostar la producci\u00f3 energ\u00e8tica a les grans \u00e0rees urbanes i industrials de consum, amb l&#8217;objectiu d&#8217;evitar les p\u00e8rdues i l&#8217;impacte del transport de l&#8217;energia a grans dist\u00e0ncies a trav\u00e9s de les vies d&#8217;evacuaci\u00f3 que tamb\u00e9 afecten durant quil\u00f2metres a zones d&#8217;activitats rurals d&#8217;inter\u00e9s\u201d, assegura Carles Peris, secretari general de LA UNI\u00d3.<\/p>\n","protected":false},"excerpt":{"rendered":"<p>Moltes de les terres estan en s\u00f2l \u00fatil de regadiu amb gran valor agroecol\u00f2gic La Uni\u00f3 Llauradora assessora a totes aquelles persones afectades per la construcci\u00f3 d&#8217;una gran planta fotovoltaica i la seua infraestructura d&#8217;evacuaci\u00f3 a la comarca de la Plana Baixa que afectar\u00e0 m\u00e9s de 280 hect\u00e0rees de cultiu, moltes d&#8217;elles en s\u00f2l \u00fatil &#8230; <a title=\"LA UNI\u00d3 assessora a les persones afectades per la gran planta fotovoltaica i l\u00ednia d&#8217;evacuaci\u00f3 que &#8220;destrossar\u00e0&#8221; m\u00e9s de 280 hect\u00e0rees de cultiu a la Plana Baixa\" class=\"read-more\" href=\"https:\/\/elcafedepipa.com\/index.php\/2025\/01\/16\/la-unio-assessora-a-les-persones-afectades-per-la-gran-planta-fotovoltaica-i-linia-devacuacio-que-destrossara-mes-de-280-hectarees-de-cultiu-a-la-plana-baixa\/\" aria-label=\"M\u00e9s informaci\u00f3 sobre LA UNI\u00d3 assessora a les persones afectades per la gran planta fotovoltaica i l\u00ednia d&#8217;evacuaci\u00f3 que &#8220;destrossar\u00e0&#8221; m\u00e9s de 280 hect\u00e0rees de cultiu a la Plana Baixa\">Read more<\/a><\/p>\n","protected":false},"author":2,"featured_media":9822,"comment_status":"closed","ping_status":"closed","sticky":false,"template":"","format":"standard","meta":{"om_disable_all_campaigns":false,"_monsterinsights_skip_tracking":false,"_monsterinsights_sitenote_active":false,"_monsterinsights_sitenote_note":"","_monsterinsights_sitenote_category":0,"_uf_show_specific_survey":0,"_uf_disable_surveys":false,"footnotes":""},"categories":[10],"tags":[],"class_list":["post-9821","post","type-post","status-publish","format-standard","has-post-thumbnail","hentry","category-provinciadecastello"],"_links":{"self":[{"href":"https:\/\/elcafedepipa.com\/index.php\/wp-json\/wp\/v2\/posts\/9821","targetHints":{"allow":["GET"]}}],"collection":[{"href":"https:\/\/elcafedepipa.com\/index.php\/wp-json\/wp\/v2\/posts"}],"about":[{"href":"https:\/\/elcafedepipa.com\/index.php\/wp-json\/wp\/v2\/types\/post"}],"author":[{"embeddable":true,"href":"https:\/\/elcafedepipa.com\/index.php\/wp-json\/wp\/v2\/users\/2"}],"replies":[{"embeddable":true,"href":"https:\/\/elcafedepipa.com\/index.php\/wp-json\/wp\/v2\/comments?post=9821"}],"version-history":[{"count":0,"href":"https:\/\/elcafedepipa.com\/index.php\/wp-json\/wp\/v2\/posts\/9821\/revisions"}],"wp:featuredmedia":[{"embeddable":true,"href":"https:\/\/elcafedepipa.com\/index.php\/wp-json\/wp\/v2\/media\/9822"}],"wp:attachment":[{"href":"https:\/\/elcafedepipa.com\/index.php\/wp-json\/wp\/v2\/media?parent=9821"}],"wp:term":[{"taxonomy":"category","embeddable":true,"href":"https:\/\/elcafedepipa.com\/index.php\/wp-json\/wp\/v2\/categories?post=9821"},{"taxonomy":"post_tag","embeddable":true,"href":"https:\/\/elcafedepipa.com\/index.php\/wp-json\/wp\/v2\/tags?post=9821"}],"curies":[{"name":"wp","href":"https:\/\/api.w.org\/{rel}","templated":true}]}}