{"id":9807,"date":"2025-01-16T11:00:00","date_gmt":"2025-01-16T10:00:00","guid":{"rendered":"https:\/\/elcafedepipa.com\/?p=9807"},"modified":"2025-01-15T20:51:59","modified_gmt":"2025-01-15T19:51:59","slug":"la-unio-te-a-200-joves-en-llista-despera-per-a-accedir-a-les-ajudes-dincorporacio-a-lactivitat-agraria-que-segueixen-sense-convocar-se","status":"publish","type":"post","link":"https:\/\/elcafedepipa.com\/index.php\/2025\/01\/16\/la-unio-te-a-200-joves-en-llista-despera-per-a-accedir-a-les-ajudes-dincorporacio-a-lactivitat-agraria-que-segueixen-sense-convocar-se\/","title":{"rendered":"LA UNI\u00d3 t\u00e9 a 200 joves en llista d&#8217;espera per a accedir a les ajudes d&#8217;incorporaci\u00f3 a l&#8217;activitat agr\u00e0ria que segueixen sense convocar-se"},"content":{"rendered":"\n<p><strong>L&#8217;organitzaci\u00f3 demana a la Conselleria d&#8217;Agricultura la m\u00e0xima celeritat en el proc\u00e9s perqu\u00e8 siga tramitada la normativa per via d&#8217;urg\u00e8ncia<\/strong><\/p>\n\n\n\n<p>La Uni\u00f3 Llauradora i Ramadera t\u00e9 en aquests moments a 200 joves en llista d&#8217;espera en les seues oficines de tota la Comunitat Valenciana que desitgen accedir a les ajudes per a la seua incorporaci\u00f3 a l&#8217;activitat agr\u00e0ria i tamb\u00e9 alguns professionals que volen realitzar inversions en les seues explotacions.<br>Malgrat aquest inter\u00e9s, cal denunciar que la Conselleria d&#8217;Agricultura porta des de 2021 sense publicar la convocat\u00f2ria d&#8217;ajudes per a la primera instal\u00b7laci\u00f3 de llauradors i ramaders joves.<br>Des d&#8217;eixa data, LA UNI\u00d3 ha experimentat una creixent demanda tant de joves amb la intenci\u00f3 d&#8217;incorporar-se al sector agrari com de professionals establits que volen realitzar inversions per a millorar les seues explotacions. Tamb\u00e9 s&#8217;ha notat un augment de l&#8217;inter\u00e9s de persones provinents altres sectors econ\u00f2mics que volen instal\u00b7lar-se en el sector agrari.<br>Tots ells esperen la publicaci\u00f3 de les ajudes per a la primera incorporaci\u00f3 de joves\/nous llauradors i per a les inversions en explotacions agr\u00e0ries i el lamentable \u00e9s que durant aquests quatre anys transcorreguts joves que volien incorporar-se al sector han abandonat aquesta opci\u00f3 perqu\u00e8 ja no compleixen els requisits per a accedir a les ajudes.<br>Cal assenyalar que les ajudes encara tardaran perqu\u00e8 la Conselleria d&#8217;Agricultura t\u00e9 el proc\u00e9s en la fase posterior a la consulta p\u00fablica i es preveu que es publique l&#8217;ordre de bases com prompte en el segon trimestre de l&#8217;any.<br>A m\u00e9s, aquesta situaci\u00f3 s&#8217;emmarca en un clar escenari d&#8217;envelliment de la poblaci\u00f3 agr\u00e0ria de la Comunitat Valenciana. Segons les \u00faltimes dades disponibles, corresponents al cens agrari de 2020, m\u00e9s de la meitat dels llauradors i ramaders de la Comunitat Valenciana tenen m\u00e9s de 65 anys i nom\u00e9s el 2% d&#8217;aquests tenen menys de 34 anys. En els \u00faltims onze anys, els menors de 34 anys han descendit un 18%, mentre que els majors de 65 anys s&#8217;han mantingut igual.<br>En l&#8217;anterior per\u00edode PAC (2014-2020) es van concedir ajudes a un total de 1.216 joves, amb un pressupost total executat de la l\u00ednia de 39,9 milions d&#8217;euros.<br>Carles Peris, secretari general de LA UNI\u00d3, indica que \u201cpese a l&#8217;evident i progressiu envelliment del camp valenci\u00e0, la Generalitat no aposta de manera decidida per la incorporaci\u00f3 de joves en el sector agrari\u201d.<br>Peris creu que \u201cno es pot tindre per m\u00e9s temps davant aquesta incertesa a persones que desitgen planificar adequadament la seua incorporaci\u00f3 i\/o inversi\u00f3 i demana a la Conselleria d&#8217;Agricultura la m\u00e0xima celeritat en el proc\u00e9s perqu\u00e8 siga tramitada la normativa per via d&#8217;urg\u00e8ncia\u201d.<\/p>\n","protected":false},"excerpt":{"rendered":"<p>L&#8217;organitzaci\u00f3 demana a la Conselleria d&#8217;Agricultura la m\u00e0xima celeritat en el proc\u00e9s perqu\u00e8 siga tramitada la normativa per via d&#8217;urg\u00e8ncia La Uni\u00f3 Llauradora i Ramadera t\u00e9 en aquests moments a 200 joves en llista d&#8217;espera en les seues oficines de tota la Comunitat Valenciana que desitgen accedir a les ajudes per a la seua incorporaci\u00f3 &#8230; <a title=\"LA UNI\u00d3 t\u00e9 a 200 joves en llista d&#8217;espera per a accedir a les ajudes d&#8217;incorporaci\u00f3 a l&#8217;activitat agr\u00e0ria que segueixen sense convocar-se\" class=\"read-more\" href=\"https:\/\/elcafedepipa.com\/index.php\/2025\/01\/16\/la-unio-te-a-200-joves-en-llista-despera-per-a-accedir-a-les-ajudes-dincorporacio-a-lactivitat-agraria-que-segueixen-sense-convocar-se\/\" aria-label=\"M\u00e9s informaci\u00f3 sobre LA UNI\u00d3 t\u00e9 a 200 joves en llista d&#8217;espera per a accedir a les ajudes d&#8217;incorporaci\u00f3 a l&#8217;activitat agr\u00e0ria que segueixen sense convocar-se\">Read more<\/a><\/p>\n","protected":false},"author":2,"featured_media":9808,"comment_status":"closed","ping_status":"closed","sticky":false,"template":"","format":"standard","meta":{"om_disable_all_campaigns":false,"_monsterinsights_skip_tracking":false,"_monsterinsights_sitenote_active":false,"_monsterinsights_sitenote_note":"","_monsterinsights_sitenote_category":0,"_uf_show_specific_survey":0,"_uf_disable_surveys":false,"footnotes":""},"categories":[1],"tags":[],"class_list":["post-9807","post","type-post","status-publish","format-standard","has-post-thumbnail","hentry","category-non-classe"],"_links":{"self":[{"href":"https:\/\/elcafedepipa.com\/index.php\/wp-json\/wp\/v2\/posts\/9807","targetHints":{"allow":["GET"]}}],"collection":[{"href":"https:\/\/elcafedepipa.com\/index.php\/wp-json\/wp\/v2\/posts"}],"about":[{"href":"https:\/\/elcafedepipa.com\/index.php\/wp-json\/wp\/v2\/types\/post"}],"author":[{"embeddable":true,"href":"https:\/\/elcafedepipa.com\/index.php\/wp-json\/wp\/v2\/users\/2"}],"replies":[{"embeddable":true,"href":"https:\/\/elcafedepipa.com\/index.php\/wp-json\/wp\/v2\/comments?post=9807"}],"version-history":[{"count":0,"href":"https:\/\/elcafedepipa.com\/index.php\/wp-json\/wp\/v2\/posts\/9807\/revisions"}],"wp:featuredmedia":[{"embeddable":true,"href":"https:\/\/elcafedepipa.com\/index.php\/wp-json\/wp\/v2\/media\/9808"}],"wp:attachment":[{"href":"https:\/\/elcafedepipa.com\/index.php\/wp-json\/wp\/v2\/media?parent=9807"}],"wp:term":[{"taxonomy":"category","embeddable":true,"href":"https:\/\/elcafedepipa.com\/index.php\/wp-json\/wp\/v2\/categories?post=9807"},{"taxonomy":"post_tag","embeddable":true,"href":"https:\/\/elcafedepipa.com\/index.php\/wp-json\/wp\/v2\/tags?post=9807"}],"curies":[{"name":"wp","href":"https:\/\/api.w.org\/{rel}","templated":true}]}}