{"id":9787,"date":"2025-01-15T14:29:22","date_gmt":"2025-01-15T13:29:22","guid":{"rendered":"https:\/\/elcafedepipa.com\/?p=9787"},"modified":"2025-01-15T14:29:24","modified_gmt":"2025-01-15T13:29:24","slug":"lajuntament-dalmenara-obri-les-inscripcions-per-a-participar-en-15-activitats-esportives","status":"publish","type":"post","link":"https:\/\/elcafedepipa.com\/index.php\/2025\/01\/15\/lajuntament-dalmenara-obri-les-inscripcions-per-a-participar-en-15-activitats-esportives\/","title":{"rendered":"L&#8217;Ajuntament d&#8217;Almenara obri les inscripcions per a participar en 15 activitats esportives"},"content":{"rendered":"\n<p><strong>Des de hui es podran dur a terme en la regidoria d&#8217;Esports, situada en el Mol\u00ed d\u2019Arr\u00f2s<\/strong><\/p>\n\n\n\n<p>A partir de hui estan obertes les inscripcions per a les activitats esportives promogudes des de la regidoria d&#8217;Esports de l&#8217;Ajuntament d&#8217;Almenara per a aquest trimestre. Seran quinze propostes diferents les que es presenten, deu per a persones adultes i cinc per a escolars, activitats que s\u2019afegeixen al Gimn\u00e0s Municipal i a l&#8217;Escola Municipal de Futbol, que \u00e9s anual.<\/p>\n\n\n\n<p>El regidor d&#8217;Esports, Lorenzo Vicent, ha destacat que \u201cdes de l&#8217;Ajuntament d&#8217;Almenara continuem apostant pel foment de la vida saludable per als nostres ve\u00efns i ve\u00efnes, i en aquest apartat entren les propostes d&#8217;activitats esportives, que adaptem a les demandes ve\u00efnals\u201d.<\/p>\n\n\n\n<p>\u00c9s per aix\u00f2 que \u201cbusquem potenciar l&#8217;esport amb una oferta variada d&#8217;activitats per a totes les edats, des dels m\u00e9s majors fins als m\u00e9s xicotets amb la finalitat de fomentar els h\u00e0bits saludables i la pr\u00e0ctica esportiva\u201d.<\/p>\n\n\n\n<p><strong>ACTIVITATS PER A ADULTS I ESCOLARS<\/strong><\/p>\n\n\n\n<p>Aix\u00ed doncs, dins de les activitats per a adults destaca la gimn\u00e0stica per a majors, el ciclisme de sala, el human pilates, la gimn\u00e0stica per a embarassades, cross training, hapkido, pilota valenciana, jumple, freestyler i harmonia corporal. A m\u00e9s per als escolars estan les propostes de multiesport, hapkido, ballet, pilota valenciana i patinatge. Les inscripcions es podran dur a terme des de hui en la regidoria d&#8217;Esports situada en el Mol\u00ed d\u2019Arr\u00f2s on podran informar-se dels torns i preus de cada proposta esportiva.<\/p>\n\n\n\n<p><strong>GIMN\u00c0S MUNICIPAL<\/strong><\/p>\n\n\n\n<p>A m\u00e9s, a partir del pr\u00f2xim dilluns 20 de gener, estar\u00e0 obert el nou per\u00edode d&#8217;inscripcions per al gimn\u00e0s municipal amb les diverses opcions (mensual, trimestral o anual) i serveis disponibles. Tamb\u00e9 es podran dur a terme en la regidoria d&#8217;Esports, situada en el Mol\u00ed d\u2019Arr\u00f2s.<\/p>\n\n\n\n<figure class=\"wp-block-image size-large\"><img fetchpriority=\"high\" decoding=\"async\" width=\"1024\" height=\"1024\" src=\"https:\/\/elcafedepipa.com\/wp-content\/uploads\/2025\/01\/actesp1-1024x1024.jpg\" alt=\"\" class=\"wp-image-9788\" srcset=\"https:\/\/elcafedepipa.com\/wp-content\/uploads\/2025\/01\/actesp1-1024x1024.jpg 1024w, https:\/\/elcafedepipa.com\/wp-content\/uploads\/2025\/01\/actesp1-300x300.jpg 300w, https:\/\/elcafedepipa.com\/wp-content\/uploads\/2025\/01\/actesp1-150x150.jpg 150w, https:\/\/elcafedepipa.com\/wp-content\/uploads\/2025\/01\/actesp1-768x768.jpg 768w, https:\/\/elcafedepipa.com\/wp-content\/uploads\/2025\/01\/actesp1-700x700.jpg 700w, https:\/\/elcafedepipa.com\/wp-content\/uploads\/2025\/01\/actesp1-45x45.jpg 45w, https:\/\/elcafedepipa.com\/wp-content\/uploads\/2025\/01\/actesp1.jpg 1080w\" sizes=\"(max-width: 1024px) 100vw, 1024px\" \/><\/figure>\n\n\n\n<figure class=\"wp-block-image size-large\"><img decoding=\"async\" width=\"1024\" height=\"1024\" src=\"https:\/\/elcafedepipa.com\/wp-content\/uploads\/2025\/01\/actesp2-1024x1024.jpg\" alt=\"\" class=\"wp-image-9789\" srcset=\"https:\/\/elcafedepipa.com\/wp-content\/uploads\/2025\/01\/actesp2-1024x1024.jpg 1024w, https:\/\/elcafedepipa.com\/wp-content\/uploads\/2025\/01\/actesp2-300x300.jpg 300w, https:\/\/elcafedepipa.com\/wp-content\/uploads\/2025\/01\/actesp2-150x150.jpg 150w, https:\/\/elcafedepipa.com\/wp-content\/uploads\/2025\/01\/actesp2-768x768.jpg 768w, https:\/\/elcafedepipa.com\/wp-content\/uploads\/2025\/01\/actesp2-700x700.jpg 700w, https:\/\/elcafedepipa.com\/wp-content\/uploads\/2025\/01\/actesp2-45x45.jpg 45w, https:\/\/elcafedepipa.com\/wp-content\/uploads\/2025\/01\/actesp2.jpg 1080w\" sizes=\"(max-width: 1024px) 100vw, 1024px\" \/><\/figure>\n","protected":false},"excerpt":{"rendered":"<p>Des de hui es podran dur a terme en la regidoria d&#8217;Esports, situada en el Mol\u00ed d\u2019Arr\u00f2s A partir de hui estan obertes les inscripcions per a les activitats esportives promogudes des de la regidoria d&#8217;Esports de l&#8217;Ajuntament d&#8217;Almenara per a aquest trimestre. Seran quinze propostes diferents les que es presenten, deu per a persones &#8230; <a title=\"L&#8217;Ajuntament d&#8217;Almenara obri les inscripcions per a participar en 15 activitats esportives\" class=\"read-more\" href=\"https:\/\/elcafedepipa.com\/index.php\/2025\/01\/15\/lajuntament-dalmenara-obri-les-inscripcions-per-a-participar-en-15-activitats-esportives\/\" aria-label=\"M\u00e9s informaci\u00f3 sobre L&#8217;Ajuntament d&#8217;Almenara obri les inscripcions per a participar en 15 activitats esportives\">Read more<\/a><\/p>\n","protected":false},"author":2,"featured_media":9790,"comment_status":"closed","ping_status":"closed","sticky":false,"template":"","format":"standard","meta":{"om_disable_all_campaigns":false,"_monsterinsights_skip_tracking":false,"_monsterinsights_sitenote_active":false,"_monsterinsights_sitenote_note":"","_monsterinsights_sitenote_category":0,"_uf_show_specific_survey":0,"_uf_disable_surveys":false,"footnotes":""},"categories":[5],"tags":[],"class_list":["post-9787","post","type-post","status-publish","format-standard","has-post-thumbnail","hentry","category-almenara"],"_links":{"self":[{"href":"https:\/\/elcafedepipa.com\/index.php\/wp-json\/wp\/v2\/posts\/9787","targetHints":{"allow":["GET"]}}],"collection":[{"href":"https:\/\/elcafedepipa.com\/index.php\/wp-json\/wp\/v2\/posts"}],"about":[{"href":"https:\/\/elcafedepipa.com\/index.php\/wp-json\/wp\/v2\/types\/post"}],"author":[{"embeddable":true,"href":"https:\/\/elcafedepipa.com\/index.php\/wp-json\/wp\/v2\/users\/2"}],"replies":[{"embeddable":true,"href":"https:\/\/elcafedepipa.com\/index.php\/wp-json\/wp\/v2\/comments?post=9787"}],"version-history":[{"count":0,"href":"https:\/\/elcafedepipa.com\/index.php\/wp-json\/wp\/v2\/posts\/9787\/revisions"}],"wp:featuredmedia":[{"embeddable":true,"href":"https:\/\/elcafedepipa.com\/index.php\/wp-json\/wp\/v2\/media\/9790"}],"wp:attachment":[{"href":"https:\/\/elcafedepipa.com\/index.php\/wp-json\/wp\/v2\/media?parent=9787"}],"wp:term":[{"taxonomy":"category","embeddable":true,"href":"https:\/\/elcafedepipa.com\/index.php\/wp-json\/wp\/v2\/categories?post=9787"},{"taxonomy":"post_tag","embeddable":true,"href":"https:\/\/elcafedepipa.com\/index.php\/wp-json\/wp\/v2\/tags?post=9787"}],"curies":[{"name":"wp","href":"https:\/\/api.w.org\/{rel}","templated":true}]}}