{"id":9784,"date":"2025-01-15T14:24:12","date_gmt":"2025-01-15T13:24:12","guid":{"rendered":"https:\/\/elcafedepipa.com\/?p=9784"},"modified":"2025-01-15T14:24:13","modified_gmt":"2025-01-15T13:24:13","slug":"moncofa-es-preocupa-per-la-situacio-de-lembarcacio-encallada","status":"publish","type":"post","link":"https:\/\/elcafedepipa.com\/index.php\/2025\/01\/15\/moncofa-es-preocupa-per-la-situacio-de-lembarcacio-encallada\/","title":{"rendered":"Moncofa es preocupa per la situaci\u00f3 de l\u2019embarcaci\u00f3 encallada"},"content":{"rendered":"\n<p>L&#8217;Ajuntament de Moncofa s&#8217;ha interessat davant la Subdelegaci\u00f3 del Govern a Castell\u00f3 per a con\u00e9ixer la situaci\u00f3 de l&#8217;embarcaci\u00f3 encallada des de finals de desembre a la platja Belcaire de la localitat. L&#8217;alcalde, Wences Al\u00f3s Valls, ha assenyalat que &#8220;des que es va produir la situaci\u00f3, l&#8217;Ajuntament es va posar en contacte amb Capitania Mar\u00edtima per a con\u00e9ixer les circumst\u00e0ncies de l&#8217;embarcaci\u00f3 i la seua retirada&#8221;. Tant des de la Policia Local de Moncofa com des de la Regidoria de Platges s&#8217;ha estat en permanent contacte amb Capitania per a realitzar un seguiment de la situaci\u00f3.<\/p>\n\n\n\n<p>D&#8217;igual manera, el consistori ha traslladat la seua preocupaci\u00f3 a la Subdelegaci\u00f3 del Govern, tenint en compte els actes de vandalisme que s&#8217;han produ\u00eft sobre l&#8217;embarcaci\u00f3, aix\u00ed com tamb\u00e9 el perill que suposa l&#8217;onatge i el temporal mar\u00edtim per a la integritat del vaixell. Des del municipi es vol previndre qualsevol mal mediambiental que es poguera produir pel trencament o deterioraci\u00f3 del casc del iot.<\/p>\n\n\n\n<p>La retirada dep\u00e9n de l&#8217;asseguradora del propietari. Tant des del consistori com per la informaci\u00f3 transmesa des de la Subdelegaci\u00f3, es confia que es puguen agilitzar estos tr\u00e0mits per a la retirada de la platja del Belcaire. I \u00e9s que el casc encallat a la platja s&#8217;ha convertit en objecte de visita, quasi multitudin\u00e0ria des que es va con\u00e9ixer el succ\u00e9s.<\/p>\n\n\n\n<p><\/p>\n","protected":false},"excerpt":{"rendered":"<p>L&#8217;Ajuntament de Moncofa s&#8217;ha interessat davant la Subdelegaci\u00f3 del Govern a Castell\u00f3 per a con\u00e9ixer la situaci\u00f3 de l&#8217;embarcaci\u00f3 encallada des de finals de desembre a la platja Belcaire de la localitat. L&#8217;alcalde, Wences Al\u00f3s Valls, ha assenyalat que &#8220;des que es va produir la situaci\u00f3, l&#8217;Ajuntament es va posar en contacte amb Capitania Mar\u00edtima &#8230; <a title=\"Moncofa es preocupa per la situaci\u00f3 de l\u2019embarcaci\u00f3 encallada\" class=\"read-more\" href=\"https:\/\/elcafedepipa.com\/index.php\/2025\/01\/15\/moncofa-es-preocupa-per-la-situacio-de-lembarcacio-encallada\/\" aria-label=\"M\u00e9s informaci\u00f3 sobre Moncofa es preocupa per la situaci\u00f3 de l\u2019embarcaci\u00f3 encallada\">Read more<\/a><\/p>\n","protected":false},"author":2,"featured_media":9785,"comment_status":"closed","ping_status":"closed","sticky":false,"template":"","format":"standard","meta":{"om_disable_all_campaigns":false,"_monsterinsights_skip_tracking":false,"_monsterinsights_sitenote_active":false,"_monsterinsights_sitenote_note":"","_monsterinsights_sitenote_category":0,"_uf_show_specific_survey":0,"_uf_disable_surveys":false,"footnotes":""},"categories":[4],"tags":[],"class_list":["post-9784","post","type-post","status-publish","format-standard","has-post-thumbnail","hentry","category-moncofa"],"_links":{"self":[{"href":"https:\/\/elcafedepipa.com\/index.php\/wp-json\/wp\/v2\/posts\/9784","targetHints":{"allow":["GET"]}}],"collection":[{"href":"https:\/\/elcafedepipa.com\/index.php\/wp-json\/wp\/v2\/posts"}],"about":[{"href":"https:\/\/elcafedepipa.com\/index.php\/wp-json\/wp\/v2\/types\/post"}],"author":[{"embeddable":true,"href":"https:\/\/elcafedepipa.com\/index.php\/wp-json\/wp\/v2\/users\/2"}],"replies":[{"embeddable":true,"href":"https:\/\/elcafedepipa.com\/index.php\/wp-json\/wp\/v2\/comments?post=9784"}],"version-history":[{"count":0,"href":"https:\/\/elcafedepipa.com\/index.php\/wp-json\/wp\/v2\/posts\/9784\/revisions"}],"wp:featuredmedia":[{"embeddable":true,"href":"https:\/\/elcafedepipa.com\/index.php\/wp-json\/wp\/v2\/media\/9785"}],"wp:attachment":[{"href":"https:\/\/elcafedepipa.com\/index.php\/wp-json\/wp\/v2\/media?parent=9784"}],"wp:term":[{"taxonomy":"category","embeddable":true,"href":"https:\/\/elcafedepipa.com\/index.php\/wp-json\/wp\/v2\/categories?post=9784"},{"taxonomy":"post_tag","embeddable":true,"href":"https:\/\/elcafedepipa.com\/index.php\/wp-json\/wp\/v2\/tags?post=9784"}],"curies":[{"name":"wp","href":"https:\/\/api.w.org\/{rel}","templated":true}]}}