{"id":9772,"date":"2025-01-15T14:18:26","date_gmt":"2025-01-15T13:18:26","guid":{"rendered":"https:\/\/elcafedepipa.com\/?p=9772"},"modified":"2025-01-15T14:18:28","modified_gmt":"2025-01-15T13:18:28","slug":"la-vilavella-es-prepara-per-a-la-fira-de-sant-sebastia-2025","status":"publish","type":"post","link":"https:\/\/elcafedepipa.com\/index.php\/2025\/01\/15\/la-vilavella-es-prepara-per-a-la-fira-de-sant-sebastia-2025\/","title":{"rendered":"La Vilavella es prepara per a la Fira de Sant Sebasti\u00e0 2025"},"content":{"rendered":"\n<p>La Fira de Sant Sebasti\u00e0, un dels esdeveniments m\u00e9s emblem\u00e0tics de La Vilavella, torna el pr\u00f2xim <strong>26 de gener de 2025<\/strong>, portant amb si una \u00e0mplia oferta d&#8217;activitats i espais per al gaudi de tots els assistents. Aquesta fira, que es desenvolupar\u00e0 en les <strong>places Estrella i Mercat<\/strong> i els carrers lim\u00edtrofs, promet ser un punt de trobada per a la tradici\u00f3, el comer\u00e7 local i l&#8217;entreteniment.<\/p>\n\n\n\n<p>L&#8217;alcaldessa, Carmen Navarro Roig, ha explicat que &#8220;la Fira de Sant Sebasti\u00e0 \u00e9s una oportunitat \u00fanica perqu\u00e8 tant xicotets com majors gaudisquen de La Vilavella. El comer\u00e7 local, la gastronomia i la fira d&#8217;atraccions dinamitzen el nostre municipi amb motiu de la celebraci\u00f3 del nostre patr\u00f3. Des de La Vilavella us convidem que vingueu a gaudir d&#8217;aquests dies amb nosaltres&#8221;<\/p>\n\n\n\n<p><br><strong>Espais destacats de la Fira de Sant Sebasti\u00e0<\/strong><br><br><strong>1. Fira d&#8217;Atraccions.<\/strong><br>Dirigida a les fam\u00edlies, la fira d&#8217;atraccions comptar\u00e0 amb una variada oferta d&#8217;entreteniment per als m\u00e9s xicotets i joves. Des de carrusels fins a atraccions m\u00e9s emocionants, aquest espai assegurar\u00e0 la diversi\u00f3 per a tots.<\/p>\n\n\n\n<p><br><strong>2. Fira d&#8217;Artesans<\/strong><br>En aquesta edici\u00f3, la fira d&#8217;artesans reunir\u00e0 a destacats productors locals, oferint una \u00e0mplia gamma de productes que reflecteixen la riquesa i creativitat de la regi\u00f3. Aquest espai ser\u00e0 ideal per a descobrir i fer costat als talents locals. A continuaci\u00f3, presentem a alguns dels participants que seran presents:<\/p>\n\n\n\n<ul class=\"wp-block-list\">\n<li><strong>Delicias Solidarias<\/strong>: Amb una selecci\u00f3 de melmelades i regals, aquesta empresa combina qualitat amb comprom\u00eds social.<\/li>\n\n\n\n<li><strong>Dulcimelis<\/strong>: Especialistes en mel de la millor qualitat, garanteixen un producte natural i delici\u00f3s.<\/li>\n\n\n\n<li><strong>Marhalla<\/strong>: Oferiran activitats eq\u00fcestres, acostant el m\u00f3n del cavall als visitants.<\/li>\n\n\n\n<li><strong>Palma i Espart<\/strong>: Experts en artesanies tradicionals, el seu treball en palma i espart \u00e9s un testimoniatge de l&#8217;her\u00e8ncia cultural local.<\/li>\n\n\n\n<li><strong>La Caseta d\u2019Espad\u00e0<\/strong>: Ofereixen formatges de cabra artesans elaborats amb la llet del seu propi ramat, destacant per la seua qualitat, autenticitat i sabor excepcional.<\/li>\n\n\n\n<li><strong>Ambients Artesania Taurina<\/strong>: Especialitzats en articles de tem\u00e0tica taurina, les seues creacions s\u00f3n ideals per als amants d&#8217;aquesta tradici\u00f3.<\/li>\n\n\n\n<li><strong>Serem L\u00e0ser<\/strong>: Artesans de la fusta, presenten peces \u00faniques i personalitzades.<\/li>\n\n\n\n<li><strong>S\u00e1tiva Jaboner\u00eda Artesanal<\/strong>: Els seus sabons i productes de cosm\u00e8tica natural ofereixen una experi\u00e8ncia sensorial i sostenible, elaborats amb ingredients d&#8217;alta qualitat.<\/li>\n<\/ul>\n\n\n\n<p><br><strong>Gastronomia i Recursos Tur\u00edstics a La Vilavella<\/strong><br><br>La Fira de Sant Sebasti\u00e0 no sols \u00e9s una oportunitat per a gaudir del comer\u00e7 local, sin\u00f3 tamb\u00e9 per a delectar-se amb la rica gastronomia de La Vilavella. Els visitants podran degustar plats tradicionals com l&#8217;arr\u00f2s al forn, la paella, o les deliciosos <strong>pastissets de moniato<\/strong>, emblemes de la cuina valenciana que destaquen pel seu sabor aut\u00e8ntic i els seus ingredients locals. Reserva taula amb antelaci\u00f3 en algun dels seus exquisits restaurants.<br>A m\u00e9s, La Vilavella ofereix una \u00e0mplia gamma de recursos tur\u00edstics que complementen la visita a la fira. Per als amants de la hist\u00f2ria, el<strong> Castell de La Vilavella<\/strong> i el <strong>Museu del municipi<\/strong> s\u00f3n parades obligat\u00f2ries, on podran submergir-se en el passat de la regi\u00f3. Els m\u00e9s aventurers poden gaudir de la Via Ferrata La Pedrera, una experi\u00e8ncia \u00fanica que ofereix vistes espectaculars i un desafiament emocionant. Contracta l&#8217;experi\u00e8ncia en alguna de les empreses d&#8217;aventura de la zona.<br>La Fira de Sant Sebasti\u00e0 \u00e9s, sens dubte, una cita imprescindible en el calendari festiu de La Vilavella, oferint una combinaci\u00f3 perfecta de cultura, gastronomia i aventura.<\/p>\n","protected":false},"excerpt":{"rendered":"<p>La Fira de Sant Sebasti\u00e0, un dels esdeveniments m\u00e9s emblem\u00e0tics de La Vilavella, torna el pr\u00f2xim 26 de gener de 2025, portant amb si una \u00e0mplia oferta d&#8217;activitats i espais per al gaudi de tots els assistents. Aquesta fira, que es desenvolupar\u00e0 en les places Estrella i Mercat i els carrers lim\u00edtrofs, promet ser un &#8230; <a title=\"La Vilavella es prepara per a la Fira de Sant Sebasti\u00e0 2025\" class=\"read-more\" href=\"https:\/\/elcafedepipa.com\/index.php\/2025\/01\/15\/la-vilavella-es-prepara-per-a-la-fira-de-sant-sebastia-2025\/\" aria-label=\"M\u00e9s informaci\u00f3 sobre La Vilavella es prepara per a la Fira de Sant Sebasti\u00e0 2025\">Read more<\/a><\/p>\n","protected":false},"author":2,"featured_media":9773,"comment_status":"closed","ping_status":"closed","sticky":false,"template":"","format":"standard","meta":{"om_disable_all_campaigns":false,"_monsterinsights_skip_tracking":false,"_monsterinsights_sitenote_active":false,"_monsterinsights_sitenote_note":"","_monsterinsights_sitenote_category":0,"_uf_show_specific_survey":0,"_uf_disable_surveys":false,"footnotes":""},"categories":[7],"tags":[],"class_list":["post-9772","post","type-post","status-publish","format-standard","has-post-thumbnail","hentry","category-lavilavella"],"_links":{"self":[{"href":"https:\/\/elcafedepipa.com\/index.php\/wp-json\/wp\/v2\/posts\/9772","targetHints":{"allow":["GET"]}}],"collection":[{"href":"https:\/\/elcafedepipa.com\/index.php\/wp-json\/wp\/v2\/posts"}],"about":[{"href":"https:\/\/elcafedepipa.com\/index.php\/wp-json\/wp\/v2\/types\/post"}],"author":[{"embeddable":true,"href":"https:\/\/elcafedepipa.com\/index.php\/wp-json\/wp\/v2\/users\/2"}],"replies":[{"embeddable":true,"href":"https:\/\/elcafedepipa.com\/index.php\/wp-json\/wp\/v2\/comments?post=9772"}],"version-history":[{"count":0,"href":"https:\/\/elcafedepipa.com\/index.php\/wp-json\/wp\/v2\/posts\/9772\/revisions"}],"wp:featuredmedia":[{"embeddable":true,"href":"https:\/\/elcafedepipa.com\/index.php\/wp-json\/wp\/v2\/media\/9773"}],"wp:attachment":[{"href":"https:\/\/elcafedepipa.com\/index.php\/wp-json\/wp\/v2\/media?parent=9772"}],"wp:term":[{"taxonomy":"category","embeddable":true,"href":"https:\/\/elcafedepipa.com\/index.php\/wp-json\/wp\/v2\/categories?post=9772"},{"taxonomy":"post_tag","embeddable":true,"href":"https:\/\/elcafedepipa.com\/index.php\/wp-json\/wp\/v2\/tags?post=9772"}],"curies":[{"name":"wp","href":"https:\/\/api.w.org\/{rel}","templated":true}]}}