{"id":9747,"date":"2025-01-14T18:40:21","date_gmt":"2025-01-14T17:40:21","guid":{"rendered":"https:\/\/elcafedepipa.com\/?p=9747"},"modified":"2025-01-14T18:40:23","modified_gmt":"2025-01-14T17:40:23","slug":"el-portaveu-del-pp-herminio-serra-denuncia-que-el-psoe-deixa-sense-cursets-a-centenars-dusuaris-de-la-piscina-coberta-de-la-vall","status":"publish","type":"post","link":"https:\/\/elcafedepipa.com\/index.php\/2025\/01\/14\/el-portaveu-del-pp-herminio-serra-denuncia-que-el-psoe-deixa-sense-cursets-a-centenars-dusuaris-de-la-piscina-coberta-de-la-vall\/","title":{"rendered":"El portaveu del PP, Herminio Serra, denuncia que el PSOE deixa sense cursets a centenars d&#8217;usuaris de la piscina coberta de la Vall"},"content":{"rendered":"\n<p><strong> <\/strong>El Partit Popular de la Vall d&#8217;Uix\u00f3 ha exigit hui a l&#8217;alcaldessa de la Vall, la socialista Tania Ba\u00f1os, \u201cque actue ja sense demora en la piscina coberta per a corregir problemes que portem advertint des d&#8217;octubre i que ahir dilluns van provocar la suspensi\u00f3 de diversos cursets en la instal\u00b7laci\u00f3 esportiva\u201d.<\/p>\n\n\n\n<p>Aix\u00ed ho ha def\u00e9s el portaveu del PP a la Vall d&#8217;Uix\u00f3, Herminio Serra, qui ha comparegut davant els mitjans per a exigir \u201csolucions definitives\u201d als problemes de clor i baixa temperatura de l&#8217;aigua del got de les piscines, tant el xicotet com el gran, \u201cque ha provocat la suspensi\u00f3 de diversos cursos que han afectat a centenars de fam\u00edlies i ve\u00efns\u201d.<\/p>\n\n\n\n<p>Els problemes, \u201cno s\u00f3n nous. Portem des d&#8217;octubre advertint de queixes per terbolesa, tos, picors i temperatures indegudes per als mesos en qu\u00e8 ens trobem\u201d. De fet, tal com ha recordat Serra, \u201ca l&#8217;octubre traslladem a l&#8217;alcaldessa les primeres queixes a la recerca de solucions que en lloc de resoldre&#8217;s s&#8217;han agreujat\u201d.<\/p>\n\n\n\n<p>Ahir eren diverses les fam\u00edlies que denunciaven la suspensi\u00f3 de les classes. \u201cNo els venia de nou perqu\u00e8 porten mesos advertint que l&#8217;aigua est\u00e0 a una temperatura no recomanada per al mes de l&#8217;any en qu\u00e8 ens trobem. I el que exigixen s\u00f3n solucions\u201d. Una demanda que el PP ha reiterat en ple els mesos d&#8217;octubre i novembre. Fins i tot al desembre, davant la falta de dilig\u00e8ncia de qui governa, \u201cvam tornar a alertar de la situaci\u00f3. I res\u201d.<\/p>\n\n\n\n<p><strong>Firmes dels usuaris<\/strong><\/p>\n\n\n\n<p>Davant la des\u00eddia de l&#8217;equip de govern que lidera la socialista Tania Ba\u00f1os, els afectats han comen\u00e7at a mobilitzar-se i a arreplegar firmes a la recerca de \u201cfor\u00e7ar una soluci\u00f3 davant l&#8217;ajuntament\u201d. \u201cPaguen per uns servicis que no reben. I exigixen una reacci\u00f3. Aix\u00ed ens ho han comunicat els afectats\u201d, exposa el regidor del PP.<\/p>\n\n\n\n<p>En este sentit, el Grup Municipal del PP en la Vall reclama al PSOE i els seus socis a realitzar una \u201cinversi\u00f3 que resolga la problem\u00e0tica i garantisca un servici \u00f2ptim als usuaris\u201d. \u201cSi han pujat les taxes un 30% i no han tingut inconvenient a cobrar-les, almenys el que deuen \u00e9s donar un servici concorde al que se li exigix a l&#8217;inscrit. Perqu\u00e8 no \u00e9s de rebut cobrar tant per a donar tan poc\u201d, ha concl\u00f2s el portaveu del PP en la Vall.<\/p>\n","protected":false},"excerpt":{"rendered":"<p>El Partit Popular de la Vall d&#8217;Uix\u00f3 ha exigit hui a l&#8217;alcaldessa de la Vall, la socialista Tania Ba\u00f1os, \u201cque actue ja sense demora en la piscina coberta per a corregir problemes que portem advertint des d&#8217;octubre i que ahir dilluns van provocar la suspensi\u00f3 de diversos cursets en la instal\u00b7laci\u00f3 esportiva\u201d. Aix\u00ed ho ha &#8230; <a title=\"El portaveu del PP, Herminio Serra, denuncia que el PSOE deixa sense cursets a centenars d&#8217;usuaris de la piscina coberta de la Vall\" class=\"read-more\" href=\"https:\/\/elcafedepipa.com\/index.php\/2025\/01\/14\/el-portaveu-del-pp-herminio-serra-denuncia-que-el-psoe-deixa-sense-cursets-a-centenars-dusuaris-de-la-piscina-coberta-de-la-vall\/\" aria-label=\"M\u00e9s informaci\u00f3 sobre El portaveu del PP, Herminio Serra, denuncia que el PSOE deixa sense cursets a centenars d&#8217;usuaris de la piscina coberta de la Vall\">Read more<\/a><\/p>\n","protected":false},"author":2,"featured_media":9748,"comment_status":"closed","ping_status":"closed","sticky":false,"template":"","format":"standard","meta":{"om_disable_all_campaigns":false,"_monsterinsights_skip_tracking":false,"_monsterinsights_sitenote_active":false,"_monsterinsights_sitenote_note":"","_monsterinsights_sitenote_category":0,"_uf_show_specific_survey":0,"_uf_disable_surveys":false,"footnotes":""},"categories":[1],"tags":[],"class_list":["post-9747","post","type-post","status-publish","format-standard","has-post-thumbnail","hentry","category-non-classe"],"_links":{"self":[{"href":"https:\/\/elcafedepipa.com\/index.php\/wp-json\/wp\/v2\/posts\/9747","targetHints":{"allow":["GET"]}}],"collection":[{"href":"https:\/\/elcafedepipa.com\/index.php\/wp-json\/wp\/v2\/posts"}],"about":[{"href":"https:\/\/elcafedepipa.com\/index.php\/wp-json\/wp\/v2\/types\/post"}],"author":[{"embeddable":true,"href":"https:\/\/elcafedepipa.com\/index.php\/wp-json\/wp\/v2\/users\/2"}],"replies":[{"embeddable":true,"href":"https:\/\/elcafedepipa.com\/index.php\/wp-json\/wp\/v2\/comments?post=9747"}],"version-history":[{"count":0,"href":"https:\/\/elcafedepipa.com\/index.php\/wp-json\/wp\/v2\/posts\/9747\/revisions"}],"wp:featuredmedia":[{"embeddable":true,"href":"https:\/\/elcafedepipa.com\/index.php\/wp-json\/wp\/v2\/media\/9748"}],"wp:attachment":[{"href":"https:\/\/elcafedepipa.com\/index.php\/wp-json\/wp\/v2\/media?parent=9747"}],"wp:term":[{"taxonomy":"category","embeddable":true,"href":"https:\/\/elcafedepipa.com\/index.php\/wp-json\/wp\/v2\/categories?post=9747"},{"taxonomy":"post_tag","embeddable":true,"href":"https:\/\/elcafedepipa.com\/index.php\/wp-json\/wp\/v2\/tags?post=9747"}],"curies":[{"name":"wp","href":"https:\/\/api.w.org\/{rel}","templated":true}]}}