{"id":9737,"date":"2025-01-14T15:00:36","date_gmt":"2025-01-14T14:00:36","guid":{"rendered":"https:\/\/elcafedepipa.com\/?p=9737"},"modified":"2025-01-14T15:01:26","modified_gmt":"2025-01-14T14:01:26","slug":"nules-celebrara-diumenge-la-festivitat-de-sant-antoni","status":"publish","type":"post","link":"https:\/\/elcafedepipa.com\/index.php\/2025\/01\/14\/nules-celebrara-diumenge-la-festivitat-de-sant-antoni\/","title":{"rendered":"Nules celebrar\u00e0 diumenge la festivitat de Sant Antoni"},"content":{"rendered":"\n<p><strong>A Mascarell es far\u00e0 la tradicional benedicci\u00f3 d\u2019animals dissabte 25 de gener<\/strong><\/p>\n\n\n\n<p>Les localitats de Nules i de Mascarell celebraran aquest mes de gener la tradicional festivitat de Sant Antoni, que compta amb una gran participaci\u00f3 de la ciutadania.<\/p>\n\n\n\n<p>En concret, diumenge, 19 de gener, el ve\u00efnat de Nules podr\u00e0 gaudir dels diferents actes que organitza l\u2019Associaci\u00f3 de Ve\u00efns i Devots de Sant Antoni Abad amb la celebraci\u00f3 de la missa major i posterior desfilada d\u2019animals, amb la tradicional benedicci\u00f3&nbsp; i repartiment de \u201ccoquetes\u201d a la Capella de Sant Antoni.<\/p>\n\n\n\n<p>Aix\u00ed doncs, les persones participants discorreran per diferents carrers de la vila, principalment, de manera que l\u2019eixida de la comitiva ser\u00e0 des del Convent de la Sagrada Fam\u00edlia, i recorrer\u00e0 l\u2019avinguda&nbsp; Millars, i els carrers Cova Santa, Ample, Dolors, Col\u00f3n, la Soledat, i Roser fins a arribar al carrer de Sant Antoni.<\/p>\n\n\n\n<p>Cal assenyalar que, aquesta festivitat es mant\u00e9 viva&nbsp; i molt arraigada a la poblaci\u00f3n de Nules pel treball que al llarg de l\u2019any porten a terme els clavaris de la festa i el ve\u00efnat del carrer de Sant Antoni.<\/p>\n\n\n\n<p>Aix\u00ed mateix, a Mascarell se celebrar\u00e0 la festivitat de Sant Antoni dissabte, 25 de gener, per la vesprada amb una missa a la que seguir\u00e0 la benedicci\u00f3 d\u2019animals, cercavila, la tradicional roda de foguera, i el repartiment de rollets i xocolata a les persones assistents.<\/p>\n\n\n\n<p>Tamb\u00e9 s\u2019est\u00e0 treball en l\u2019organitzaci\u00f3 de la pujada a peu a la Muntanyeta de Sant Antoni de Betx\u00ed, prevista per al mes de febrer, una tradici\u00f3 que es va recuperar fa uns anys, i que est\u00e0 impulsada per l\u2019Associaci\u00f3 Cultural la Corretjola, i que compta amb el patrocini i suport de la regidoria de Tradicions de l\u2019Ajuntament de Nules.&nbsp;&nbsp;&nbsp;&nbsp;&nbsp;&nbsp;&nbsp;&nbsp;&nbsp;&nbsp;&nbsp;&nbsp;&nbsp;&nbsp;&nbsp;&nbsp;&nbsp;&nbsp;&nbsp;&nbsp;&nbsp;&nbsp;<\/p>\n\n\n\n<figure class=\"wp-block-image size-large\"><img fetchpriority=\"high\" decoding=\"async\" width=\"1024\" height=\"1024\" src=\"https:\/\/elcafedepipa.com\/wp-content\/uploads\/2025\/01\/nules-sant-antoni-1024x1024.jpg\" alt=\"\" class=\"wp-image-9740\" srcset=\"https:\/\/elcafedepipa.com\/wp-content\/uploads\/2025\/01\/nules-sant-antoni-1024x1024.jpg 1024w, https:\/\/elcafedepipa.com\/wp-content\/uploads\/2025\/01\/nules-sant-antoni-300x300.jpg 300w, https:\/\/elcafedepipa.com\/wp-content\/uploads\/2025\/01\/nules-sant-antoni-150x150.jpg 150w, https:\/\/elcafedepipa.com\/wp-content\/uploads\/2025\/01\/nules-sant-antoni-768x768.jpg 768w, https:\/\/elcafedepipa.com\/wp-content\/uploads\/2025\/01\/nules-sant-antoni-700x700.jpg 700w, https:\/\/elcafedepipa.com\/wp-content\/uploads\/2025\/01\/nules-sant-antoni-45x45.jpg 45w, https:\/\/elcafedepipa.com\/wp-content\/uploads\/2025\/01\/nules-sant-antoni.jpg 1080w\" sizes=\"(max-width: 1024px) 100vw, 1024px\" \/><\/figure>\n","protected":false},"excerpt":{"rendered":"<p>A Mascarell es far\u00e0 la tradicional benedicci\u00f3 d\u2019animals dissabte 25 de gener Les localitats de Nules i de Mascarell celebraran aquest mes de gener la tradicional festivitat de Sant Antoni, que compta amb una gran participaci\u00f3 de la ciutadania. En concret, diumenge, 19 de gener, el ve\u00efnat de Nules podr\u00e0 gaudir dels diferents actes que &#8230; <a title=\"Nules celebrar\u00e0 diumenge la festivitat de Sant Antoni\" class=\"read-more\" href=\"https:\/\/elcafedepipa.com\/index.php\/2025\/01\/14\/nules-celebrara-diumenge-la-festivitat-de-sant-antoni\/\" aria-label=\"M\u00e9s informaci\u00f3 sobre Nules celebrar\u00e0 diumenge la festivitat de Sant Antoni\">Read more<\/a><\/p>\n","protected":false},"author":2,"featured_media":9738,"comment_status":"closed","ping_status":"closed","sticky":false,"template":"","format":"standard","meta":{"om_disable_all_campaigns":false,"_monsterinsights_skip_tracking":false,"_monsterinsights_sitenote_active":false,"_monsterinsights_sitenote_note":"","_monsterinsights_sitenote_category":0,"_uf_show_specific_survey":0,"_uf_disable_surveys":false,"footnotes":""},"categories":[3],"tags":[],"class_list":["post-9737","post","type-post","status-publish","format-standard","has-post-thumbnail","hentry","category-nules"],"_links":{"self":[{"href":"https:\/\/elcafedepipa.com\/index.php\/wp-json\/wp\/v2\/posts\/9737","targetHints":{"allow":["GET"]}}],"collection":[{"href":"https:\/\/elcafedepipa.com\/index.php\/wp-json\/wp\/v2\/posts"}],"about":[{"href":"https:\/\/elcafedepipa.com\/index.php\/wp-json\/wp\/v2\/types\/post"}],"author":[{"embeddable":true,"href":"https:\/\/elcafedepipa.com\/index.php\/wp-json\/wp\/v2\/users\/2"}],"replies":[{"embeddable":true,"href":"https:\/\/elcafedepipa.com\/index.php\/wp-json\/wp\/v2\/comments?post=9737"}],"version-history":[{"count":0,"href":"https:\/\/elcafedepipa.com\/index.php\/wp-json\/wp\/v2\/posts\/9737\/revisions"}],"wp:featuredmedia":[{"embeddable":true,"href":"https:\/\/elcafedepipa.com\/index.php\/wp-json\/wp\/v2\/media\/9738"}],"wp:attachment":[{"href":"https:\/\/elcafedepipa.com\/index.php\/wp-json\/wp\/v2\/media?parent=9737"}],"wp:term":[{"taxonomy":"category","embeddable":true,"href":"https:\/\/elcafedepipa.com\/index.php\/wp-json\/wp\/v2\/categories?post=9737"},{"taxonomy":"post_tag","embeddable":true,"href":"https:\/\/elcafedepipa.com\/index.php\/wp-json\/wp\/v2\/tags?post=9737"}],"curies":[{"name":"wp","href":"https:\/\/api.w.org\/{rel}","templated":true}]}}