{"id":9700,"date":"2025-01-13T14:26:38","date_gmt":"2025-01-13T13:26:38","guid":{"rendered":"https:\/\/elcafedepipa.com\/?p=9700"},"modified":"2025-01-13T14:26:40","modified_gmt":"2025-01-13T13:26:40","slug":"la-diputacio-de-castello-exigira-al-govern-despanya-el-desbloqueig-de-la-modificacio-de-la-llei-de-costes-i-la-suspensio-de-qualsevol-tramit-que-comporte-enderrocaments-en-el-litoral","status":"publish","type":"post","link":"https:\/\/elcafedepipa.com\/index.php\/2025\/01\/13\/la-diputacio-de-castello-exigira-al-govern-despanya-el-desbloqueig-de-la-modificacio-de-la-llei-de-costes-i-la-suspensio-de-qualsevol-tramit-que-comporte-enderrocaments-en-el-litoral\/","title":{"rendered":"La Diputaci\u00f3 de Castell\u00f3 exigir\u00e0 al Govern d&#8217;Espanya el desbloqueig de la modificaci\u00f3 de la Llei de Costes i la suspensi\u00f3 de qualsevol tr\u00e0mit que comporte enderrocaments en el litoral"},"content":{"rendered":"\n<p>La Diputaci\u00f3 Provincial de Castell\u00f3 exigir\u00e0 al Govern d&#8217;Espanya el desbloqueig de la modificaci\u00f3 de la Llei de Costes i la suspensi\u00f3 de qualsevol tr\u00e0mit que comporte enderrocaments en el litoral com els previstos en Torre la Sal.<\/p>\n\n\n\n<p>El Govern Provincial ha presentat una moci\u00f3 per a ser debatuda en el ple ordinari d&#8217;este mes de gener i que se celebrar\u00e0 dimarts que ve 21. Una moci\u00f3 en defensa dels ve\u00efns afectats de Torre la Sal i per a aconseguir que l&#8217;Executiu central actue i aprove la reforma de la vigent Llei 22\/1988, de 28 de juliol de Costes.<\/p>\n\n\n\n<p>L&#8217;escrit presentat pel Govern Provincial ve motivat despr\u00e9s que la Direcci\u00f3 General de la Costa i la Mar, que dep\u00e9n del Ministeri per a la Transici\u00f3 Ecol\u00f2gica i el Repte Demogr\u00e0fic, haja comen\u00e7at a notificar als propietaris del poblat de Torre la Sal, a Cabanes, la desestimaci\u00f3 dels recursos d&#8217;al\u00e7ada presentats contra la resoluci\u00f3 de Costes de 2021 en la qual s&#8217;acordava la recuperaci\u00f3 possess\u00f2ria de les vivendes al\u00e7ades en esta zona del litoral per estar en domini p\u00fablic mar\u00edtim-terrestre. Esta decisi\u00f3 posa fi a la via administrativa i nom\u00e9s deixa la possibilitat d&#8217;acudir a la via judicial per a impedir el desnonament i l&#8217;expropiaci\u00f3 als propietaris del centenar de vivendes que formen part del poble mar\u00edtim de Torre la Sal.<\/p>\n\n\n\n<p>\u201cTornem a al\u00e7ar la veu per a reclamar una reforma de la Llei de Costes que permeta millorar la conciliaci\u00f3 entre la protecci\u00f3 del domini p\u00fablic mar\u00edtim-terrestre amb els drets consolidats dels ocupants i evitar la p\u00e8rdua i destrucci\u00f3 de vivendes que s\u00f3n part de la nostra hist\u00f2ria\u201d, ha subratllat la presidenta de la instituci\u00f3 provincial, Marta Barrachina.<\/p>\n\n\n\n<p>La dirigent provincial ha continuat dient que \u201cel que ara \u00e9s un fet consumat a Cabanes tamb\u00e9 afecta a la resta de municipis de la prov\u00edncia\u201d i, en eixe sentit, ha remarcat que \u201cla costa de la nostra prov\u00edncia t\u00e9 seriosos problemes des de fa anys i requerix una protecci\u00f3 especial per la degradaci\u00f3 que suposa una dr\u00e0stica regressi\u00f3 posant en risc la vida social, econ\u00f2mica i ambiental de la zona\u201d.<\/p>\n\n\n\n<p>Per a aconseguir eixa protecci\u00f3 especial, en el pr\u00f2xim ple la Diputaci\u00f3 de Castell\u00f3 instar\u00e0 la Mesa del Congr\u00e9s dels Diputats al fet que tramite la Proposici\u00f3 de Llei relativa a la modificaci\u00f3 de la Llei 22\/1988 de Costes que va ser aprovada i remesa pel Senat al mar\u00e7 de 2024. En este punt, la m\u00e0xima representant de la instituci\u00f3 provincial recorda que el Senat va aprovar una Proposici\u00f3 de Llei presentada pel Grup Parlamentari Popular per a modificar la Llei 22\/1988, de Costes, amb la finalitat de protegir els conjunts urbans costaners de tipologia tradicional en terrenys que han passat a ser domini p\u00fablic mar\u00edtim-terrestre i aconseguir que no es derroquen determinades cases pr\u00f2ximes a la platja. La iniciativa va tirar avant amb el vot majoritari del PP al Senat i es va enviar al Congr\u00e9s perqu\u00e8 continuara el seu tr\u00e0mit parlamentari, \u201cper\u00f2 eixe tr\u00e0mit no continua i per aix\u00f2 exigim el seu desbloqueig per a aconseguir que la nostra costa siga escoltada i protegida\u201d.<\/p>\n\n\n\n<p><\/p>\n","protected":false},"excerpt":{"rendered":"<p>La Diputaci\u00f3 Provincial de Castell\u00f3 exigir\u00e0 al Govern d&#8217;Espanya el desbloqueig de la modificaci\u00f3 de la Llei de Costes i la suspensi\u00f3 de qualsevol tr\u00e0mit que comporte enderrocaments en el litoral com els previstos en Torre la Sal. El Govern Provincial ha presentat una moci\u00f3 per a ser debatuda en el ple ordinari d&#8217;este mes &#8230; <a title=\"La Diputaci\u00f3 de Castell\u00f3 exigir\u00e0 al Govern d&#8217;Espanya el desbloqueig de la modificaci\u00f3 de la Llei de Costes i la suspensi\u00f3 de qualsevol tr\u00e0mit que comporte enderrocaments en el litoral\" class=\"read-more\" href=\"https:\/\/elcafedepipa.com\/index.php\/2025\/01\/13\/la-diputacio-de-castello-exigira-al-govern-despanya-el-desbloqueig-de-la-modificacio-de-la-llei-de-costes-i-la-suspensio-de-qualsevol-tramit-que-comporte-enderrocaments-en-el-litoral\/\" aria-label=\"M\u00e9s informaci\u00f3 sobre La Diputaci\u00f3 de Castell\u00f3 exigir\u00e0 al Govern d&#8217;Espanya el desbloqueig de la modificaci\u00f3 de la Llei de Costes i la suspensi\u00f3 de qualsevol tr\u00e0mit que comporte enderrocaments en el litoral\">Read more<\/a><\/p>\n","protected":false},"author":2,"featured_media":9701,"comment_status":"closed","ping_status":"closed","sticky":false,"template":"","format":"standard","meta":{"om_disable_all_campaigns":false,"_monsterinsights_skip_tracking":false,"_monsterinsights_sitenote_active":false,"_monsterinsights_sitenote_note":"","_monsterinsights_sitenote_category":0,"_uf_show_specific_survey":0,"_uf_disable_surveys":false,"footnotes":""},"categories":[10],"tags":[],"class_list":["post-9700","post","type-post","status-publish","format-standard","has-post-thumbnail","hentry","category-provinciadecastello"],"_links":{"self":[{"href":"https:\/\/elcafedepipa.com\/index.php\/wp-json\/wp\/v2\/posts\/9700","targetHints":{"allow":["GET"]}}],"collection":[{"href":"https:\/\/elcafedepipa.com\/index.php\/wp-json\/wp\/v2\/posts"}],"about":[{"href":"https:\/\/elcafedepipa.com\/index.php\/wp-json\/wp\/v2\/types\/post"}],"author":[{"embeddable":true,"href":"https:\/\/elcafedepipa.com\/index.php\/wp-json\/wp\/v2\/users\/2"}],"replies":[{"embeddable":true,"href":"https:\/\/elcafedepipa.com\/index.php\/wp-json\/wp\/v2\/comments?post=9700"}],"version-history":[{"count":0,"href":"https:\/\/elcafedepipa.com\/index.php\/wp-json\/wp\/v2\/posts\/9700\/revisions"}],"wp:featuredmedia":[{"embeddable":true,"href":"https:\/\/elcafedepipa.com\/index.php\/wp-json\/wp\/v2\/media\/9701"}],"wp:attachment":[{"href":"https:\/\/elcafedepipa.com\/index.php\/wp-json\/wp\/v2\/media?parent=9700"}],"wp:term":[{"taxonomy":"category","embeddable":true,"href":"https:\/\/elcafedepipa.com\/index.php\/wp-json\/wp\/v2\/categories?post=9700"},{"taxonomy":"post_tag","embeddable":true,"href":"https:\/\/elcafedepipa.com\/index.php\/wp-json\/wp\/v2\/tags?post=9700"}],"curies":[{"name":"wp","href":"https:\/\/api.w.org\/{rel}","templated":true}]}}