{"id":9694,"date":"2025-01-13T14:21:20","date_gmt":"2025-01-13T13:21:20","guid":{"rendered":"https:\/\/elcafedepipa.com\/?p=9694"},"modified":"2025-01-13T14:21:22","modified_gmt":"2025-01-13T13:21:22","slug":"carles-benlliure-guardonat-amb-el-premi-qubo-de-teatre","status":"publish","type":"post","link":"https:\/\/elcafedepipa.com\/index.php\/2025\/01\/13\/carles-benlliure-guardonat-amb-el-premi-qubo-de-teatre\/","title":{"rendered":"Carles Benlliure guardonat amb el premi Qubo de teatre"},"content":{"rendered":"\n<p><strong>Este ve\u00ed d&#8217;Alfondeguilla porta m\u00e9s de quatre d\u00e8cades dedicat al teatre, portant els seus espectacles per tot el m\u00f3n<\/strong><\/p>\n\n\n\n<p>Divendres passat, 10 de gener, l&#8217;artista ve\u00ed d&#8217;Alfondeguilla, Carles Benlliure, va sumar un nou reconeixement a la seua brillant traject\u00f2ria en rebre el premi Qubo de Teatre. Este guard\u00f3, un dels m\u00e9s prestigiosos de la cultura castellonenca, posa de manifest el talent i la dedicaci\u00f3 de Benlliure, qui ha portat el nom d&#8217;Alfondeguilla per tot el m\u00f3n.<\/p>\n\n\n\n<p>Des de la seua arribada al municipi fa nou anys, Benlliure ha impulsat nombroses activitats culturals, com el Castre Festival i diverses representacions teatrals. La seua companyia, Xarop Teatre, ha collit un gran \u00e8xit tant a nivell nacional com internacional, amb gires per It\u00e0lia, Portugal, M\u00e8xic i pr\u00f2ximament Col\u00f2mbia, It\u00e0lia i M\u00e8xic amb la seua companyia Xarop Teatre i Rebeca Castro, tamb\u00e9 ve\u00efna d&#8217;Alfondeguilla.<\/p>\n\n\n\n<p>L&#8217;alcalde d&#8217;Alfondeguilla, Salvador Ventura, i el regidor de Cultura, David Galindo, van acompanyar a Benlliure en este important acte i van destacar la seua contribuci\u00f3 a la vida cultural del municipi.<\/p>\n\n\n\n<p><\/p>\n","protected":false},"excerpt":{"rendered":"<p>Este ve\u00ed d&#8217;Alfondeguilla porta m\u00e9s de quatre d\u00e8cades dedicat al teatre, portant els seus espectacles per tot el m\u00f3n Divendres passat, 10 de gener, l&#8217;artista ve\u00ed d&#8217;Alfondeguilla, Carles Benlliure, va sumar un nou reconeixement a la seua brillant traject\u00f2ria en rebre el premi Qubo de Teatre. Este guard\u00f3, un dels m\u00e9s prestigiosos de la cultura &#8230; <a title=\"Carles Benlliure guardonat amb el premi Qubo de teatre\" class=\"read-more\" href=\"https:\/\/elcafedepipa.com\/index.php\/2025\/01\/13\/carles-benlliure-guardonat-amb-el-premi-qubo-de-teatre\/\" aria-label=\"M\u00e9s informaci\u00f3 sobre Carles Benlliure guardonat amb el premi Qubo de teatre\">Read more<\/a><\/p>\n","protected":false},"author":2,"featured_media":9695,"comment_status":"closed","ping_status":"closed","sticky":false,"template":"","format":"standard","meta":{"om_disable_all_campaigns":false,"_monsterinsights_skip_tracking":false,"_monsterinsights_sitenote_active":false,"_monsterinsights_sitenote_note":"","_monsterinsights_sitenote_category":0,"_uf_show_specific_survey":0,"_uf_disable_surveys":false,"footnotes":""},"categories":[9],"tags":[],"class_list":["post-9694","post","type-post","status-publish","format-standard","has-post-thumbnail","hentry","category-alfondeguilla"],"_links":{"self":[{"href":"https:\/\/elcafedepipa.com\/index.php\/wp-json\/wp\/v2\/posts\/9694","targetHints":{"allow":["GET"]}}],"collection":[{"href":"https:\/\/elcafedepipa.com\/index.php\/wp-json\/wp\/v2\/posts"}],"about":[{"href":"https:\/\/elcafedepipa.com\/index.php\/wp-json\/wp\/v2\/types\/post"}],"author":[{"embeddable":true,"href":"https:\/\/elcafedepipa.com\/index.php\/wp-json\/wp\/v2\/users\/2"}],"replies":[{"embeddable":true,"href":"https:\/\/elcafedepipa.com\/index.php\/wp-json\/wp\/v2\/comments?post=9694"}],"version-history":[{"count":0,"href":"https:\/\/elcafedepipa.com\/index.php\/wp-json\/wp\/v2\/posts\/9694\/revisions"}],"wp:featuredmedia":[{"embeddable":true,"href":"https:\/\/elcafedepipa.com\/index.php\/wp-json\/wp\/v2\/media\/9695"}],"wp:attachment":[{"href":"https:\/\/elcafedepipa.com\/index.php\/wp-json\/wp\/v2\/media?parent=9694"}],"wp:term":[{"taxonomy":"category","embeddable":true,"href":"https:\/\/elcafedepipa.com\/index.php\/wp-json\/wp\/v2\/categories?post=9694"},{"taxonomy":"post_tag","embeddable":true,"href":"https:\/\/elcafedepipa.com\/index.php\/wp-json\/wp\/v2\/tags?post=9694"}],"curies":[{"name":"wp","href":"https:\/\/api.w.org\/{rel}","templated":true}]}}