{"id":9666,"date":"2025-01-11T22:14:04","date_gmt":"2025-01-11T21:14:04","guid":{"rendered":"https:\/\/elcafedepipa.com\/?p=9666"},"modified":"2025-01-11T22:14:05","modified_gmt":"2025-01-11T21:14:05","slug":"la-ude-naufraga-davant-el-submari-groc-4-1","status":"publish","type":"post","link":"https:\/\/elcafedepipa.com\/index.php\/2025\/01\/11\/la-ude-naufraga-davant-el-submari-groc-4-1\/","title":{"rendered":"La UDE naufraga davant el submar\u00ed groc (4-1)"},"content":{"rendered":"\n<p><strong>Altre partit que els blanc-i-blaus no acaben amb els onze jugadors en el camp<\/strong><\/p>\n\n\n\n<p>Esta vegada no era el dia. I \u00e9s que quan reps un gol als dos minuts de comen\u00e7ar el partit tot el treball previ se tambaleja. Un efectiu Villarreal C tornava a colpejar als 17 minuts despr\u00e9s d&#8217;una r\u00e0pida jugada al contraatac, i poc despr\u00e9s A\u00f1\u00f3 veia la roja directa i ja calia massa fe per a plantar-li cara al partit i traure algo positiu. Tot i aix\u00f2 Megina acurtava dist\u00e0ncies en l&#8217;\u00faltim suspir de la primera part i obria una xicoteta porta a l&#8217;esperan\u00e7a. Descalzo va fer una doble substituci\u00f3 per tractar de canviar el gui\u00f3, i aix\u00ed entrava al terreny de joc l&#8217;\u00faltima incorporaci\u00f3, Casta\u00f1o, i tamb\u00e9 Amine en lloc de Megina i Mor\u00f3n.<\/p>\n\n\n\n<p>Pero als sis minuts altra expulsi\u00f3, en aquesta cas la de Blas, i un penal en contra que no van desperdiciar els groguets deixaven el partit vist per a sent\u00e8ncia. Prou ha fet la UDE d&#8217;aguantar les embestides locals abans que arribara el definitiu 4-1 en el minut 82.<\/p>\n\n\n\n<p>Quan cada volta que intentes refer-te eres penalitzat en algun gol en contra o amb una expulsi\u00f3 \u00e9s molt dificil no perdre la fe, i hui definitivament, i en un camp de gespa natural, no era el dia. <\/p>\n\n\n\n<p>De tota manera la UDE continua en llocs de privilegi en la classificaci\u00f3 (sis\u00e9 lloc) a expenses del partit que ha de jugar dem\u00e0 el Soneja. I ara cal pensar ja en el dimecres on es dispustar\u00e0 el partit ajornat contra el Rayo Ibense, un equip que ocupa la pen\u00faltima pla\u00e7a de la classificaci\u00f3 per\u00f2 que acaba de guanyar-li al Atl\u00e9tico Levante a domicili. Ser\u00e0 un despla\u00e7ament llarg, entre setmana, en horari nocturn i possiblement en fred. Per\u00f2 els darrers precedents en aquestes circumst\u00e0ncies han sigut favorables a la UDE. Ara toca passar fulla, com diu el mister Descalzo.<\/p>\n\n\n\n<p><\/p>\n","protected":false},"excerpt":{"rendered":"<p>Altre partit que els blanc-i-blaus no acaben amb els onze jugadors en el camp Esta vegada no era el dia. I \u00e9s que quan reps un gol als dos minuts de comen\u00e7ar el partit tot el treball previ se tambaleja. Un efectiu Villarreal C tornava a colpejar als 17 minuts despr\u00e9s d&#8217;una r\u00e0pida jugada al &#8230; <a title=\"La UDE naufraga davant el submar\u00ed groc (4-1)\" class=\"read-more\" href=\"https:\/\/elcafedepipa.com\/index.php\/2025\/01\/11\/la-ude-naufraga-davant-el-submari-groc-4-1\/\" aria-label=\"M\u00e9s informaci\u00f3 sobre La UDE naufraga davant el submar\u00ed groc (4-1)\">Read more<\/a><\/p>\n","protected":false},"author":2,"featured_media":9667,"comment_status":"closed","ping_status":"closed","sticky":false,"template":"","format":"standard","meta":{"om_disable_all_campaigns":false,"_monsterinsights_skip_tracking":false,"_monsterinsights_sitenote_active":false,"_monsterinsights_sitenote_note":"","_monsterinsights_sitenote_category":0,"_uf_show_specific_survey":0,"_uf_disable_surveys":false,"footnotes":""},"categories":[1],"tags":[],"class_list":["post-9666","post","type-post","status-publish","format-standard","has-post-thumbnail","hentry","category-non-classe"],"_links":{"self":[{"href":"https:\/\/elcafedepipa.com\/index.php\/wp-json\/wp\/v2\/posts\/9666","targetHints":{"allow":["GET"]}}],"collection":[{"href":"https:\/\/elcafedepipa.com\/index.php\/wp-json\/wp\/v2\/posts"}],"about":[{"href":"https:\/\/elcafedepipa.com\/index.php\/wp-json\/wp\/v2\/types\/post"}],"author":[{"embeddable":true,"href":"https:\/\/elcafedepipa.com\/index.php\/wp-json\/wp\/v2\/users\/2"}],"replies":[{"embeddable":true,"href":"https:\/\/elcafedepipa.com\/index.php\/wp-json\/wp\/v2\/comments?post=9666"}],"version-history":[{"count":0,"href":"https:\/\/elcafedepipa.com\/index.php\/wp-json\/wp\/v2\/posts\/9666\/revisions"}],"wp:featuredmedia":[{"embeddable":true,"href":"https:\/\/elcafedepipa.com\/index.php\/wp-json\/wp\/v2\/media\/9667"}],"wp:attachment":[{"href":"https:\/\/elcafedepipa.com\/index.php\/wp-json\/wp\/v2\/media?parent=9666"}],"wp:term":[{"taxonomy":"category","embeddable":true,"href":"https:\/\/elcafedepipa.com\/index.php\/wp-json\/wp\/v2\/categories?post=9666"},{"taxonomy":"post_tag","embeddable":true,"href":"https:\/\/elcafedepipa.com\/index.php\/wp-json\/wp\/v2\/tags?post=9666"}],"curies":[{"name":"wp","href":"https:\/\/api.w.org\/{rel}","templated":true}]}}