{"id":9652,"date":"2025-01-10T14:46:19","date_gmt":"2025-01-10T13:46:19","guid":{"rendered":"https:\/\/elcafedepipa.com\/?p=9652"},"modified":"2025-01-10T14:46:20","modified_gmt":"2025-01-10T13:46:20","slug":"moncofa-premia-amb-6-000-euros-per-a-estimular-la-compra-en-comercos-locals","status":"publish","type":"post","link":"https:\/\/elcafedepipa.com\/index.php\/2025\/01\/10\/moncofa-premia-amb-6-000-euros-per-a-estimular-la-compra-en-comercos-locals\/","title":{"rendered":"Moncofa premia amb 6.000 euros per a estimular la compra en comer\u00e7os locals"},"content":{"rendered":"\n<p>L&#8217;Ajuntament de Moncofa ha llan\u00e7at una campanya per a fomentar la compra de productes en negocis i establiments locals que est\u00e0 arribant a la fi despr\u00e9s de les intenses dates nadalenques en el municipi. El consistori ha repartit 20 premis de 299 euros cadascun que s&#8217;hauran de destinar als comer\u00e7os adherits a la campanya.<\/p>\n\n\n\n<p>&#8220;La intenci\u00f3 \u00e9s promoure una economia local forta i reivindicar que en els nostres establiments es pot adquirir tot el que \u00e9s necessari. Les persones premiades van aconseguir la participaci\u00f3 despr\u00e9s de comprar durant les \u00faltimes setmanes en els comer\u00e7os. Ara, estos 6.000 euros funcionaran per a enfortir el nostre entorn i estimular el creixement econ\u00f2mic&#8221;, ha explicat la regidora de Comer\u00e7 de l&#8217;Ajuntament de Moncofa, Ilenia Begnozzi.<\/p>\n\n\n\n<p>Les persones premiades hauran de realitzar les compres abans del 24 de gener en algun dels comer\u00e7os adherits a la campanya de promoci\u00f3. &#8220;Una economia forta i estable \u00e9s un poble sa. Treballem per a aconseguir esta situaci\u00f3 tan beneficiosa per a totes les fam\u00edlies, empreses i emprenedors del poble&#8221;, finalitza Begnozzi.<\/p>\n\n\n\n<p><\/p>\n","protected":false},"excerpt":{"rendered":"<p>L&#8217;Ajuntament de Moncofa ha llan\u00e7at una campanya per a fomentar la compra de productes en negocis i establiments locals que est\u00e0 arribant a la fi despr\u00e9s de les intenses dates nadalenques en el municipi. El consistori ha repartit 20 premis de 299 euros cadascun que s&#8217;hauran de destinar als comer\u00e7os adherits a la campanya. &#8220;La &#8230; <a title=\"Moncofa premia amb 6.000 euros per a estimular la compra en comer\u00e7os locals\" class=\"read-more\" href=\"https:\/\/elcafedepipa.com\/index.php\/2025\/01\/10\/moncofa-premia-amb-6-000-euros-per-a-estimular-la-compra-en-comercos-locals\/\" aria-label=\"M\u00e9s informaci\u00f3 sobre Moncofa premia amb 6.000 euros per a estimular la compra en comer\u00e7os locals\">Read more<\/a><\/p>\n","protected":false},"author":2,"featured_media":9653,"comment_status":"closed","ping_status":"closed","sticky":false,"template":"","format":"standard","meta":{"om_disable_all_campaigns":false,"_monsterinsights_skip_tracking":false,"_monsterinsights_sitenote_active":false,"_monsterinsights_sitenote_note":"","_monsterinsights_sitenote_category":0,"_uf_show_specific_survey":0,"_uf_disable_surveys":false,"footnotes":""},"categories":[4],"tags":[],"class_list":["post-9652","post","type-post","status-publish","format-standard","has-post-thumbnail","hentry","category-moncofa"],"_links":{"self":[{"href":"https:\/\/elcafedepipa.com\/index.php\/wp-json\/wp\/v2\/posts\/9652","targetHints":{"allow":["GET"]}}],"collection":[{"href":"https:\/\/elcafedepipa.com\/index.php\/wp-json\/wp\/v2\/posts"}],"about":[{"href":"https:\/\/elcafedepipa.com\/index.php\/wp-json\/wp\/v2\/types\/post"}],"author":[{"embeddable":true,"href":"https:\/\/elcafedepipa.com\/index.php\/wp-json\/wp\/v2\/users\/2"}],"replies":[{"embeddable":true,"href":"https:\/\/elcafedepipa.com\/index.php\/wp-json\/wp\/v2\/comments?post=9652"}],"version-history":[{"count":0,"href":"https:\/\/elcafedepipa.com\/index.php\/wp-json\/wp\/v2\/posts\/9652\/revisions"}],"wp:featuredmedia":[{"embeddable":true,"href":"https:\/\/elcafedepipa.com\/index.php\/wp-json\/wp\/v2\/media\/9653"}],"wp:attachment":[{"href":"https:\/\/elcafedepipa.com\/index.php\/wp-json\/wp\/v2\/media?parent=9652"}],"wp:term":[{"taxonomy":"category","embeddable":true,"href":"https:\/\/elcafedepipa.com\/index.php\/wp-json\/wp\/v2\/categories?post=9652"},{"taxonomy":"post_tag","embeddable":true,"href":"https:\/\/elcafedepipa.com\/index.php\/wp-json\/wp\/v2\/tags?post=9652"}],"curies":[{"name":"wp","href":"https:\/\/api.w.org\/{rel}","templated":true}]}}