{"id":9649,"date":"2025-01-10T14:44:21","date_gmt":"2025-01-10T13:44:21","guid":{"rendered":"https:\/\/elcafedepipa.com\/?p=9649"},"modified":"2025-01-10T14:44:23","modified_gmt":"2025-01-10T13:44:23","slug":"nules-amplia-el-termini-per-a-participar-a-la-viii-edicio-del-programa-focus-dempreses","status":"publish","type":"post","link":"https:\/\/elcafedepipa.com\/index.php\/2025\/01\/10\/nules-amplia-el-termini-per-a-participar-a-la-viii-edicio-del-programa-focus-dempreses\/","title":{"rendered":"Nules amplia el termini per a participar a la VIII Edici\u00f3 del programa Focus d&#8217;Empreses"},"content":{"rendered":"\n<p><strong>Les persones interessades poden presentar el seu projecte fins al 31 de gener<\/strong><\/p>\n\n\n\n<p>L\u2019Ajuntament de Nules amplia el termini per a participar a la vuitena edici\u00f3 del Programa Focus d\u2019Empreses, per la qual cosa les persones interessades poden presentar les seues propostes fins al pr\u00f2xim divendres 31 de gener.<\/p>\n\n\n\n<p>Aquest Focus d\u2019Empreses \u00e9s una aposta decidida del consistori per l\u2019emprenedoria que compta amb una gran acceptaci\u00f3. De fet, moltes de les propostes presentades en anteriors edicions s\u00f3n en l\u2019actualitat empreses en actiu.<\/p>\n\n\n\n<p>L\u2019objectiu principal d\u2019aquest programa \u00e9s detectar i seleccionar un total de 10 projectes amb un gran potencial de creixement a la localitat de Nules, de manera que per un per\u00edode d\u2019un any els projectes seleccionats disposaran d\u2019un espai f\u00edsic on desenvolupar el negoci, d\u2019un tutor per a la realitzaci\u00f3 del pla d\u2019empresa, i de formaci\u00f3 espec\u00edfica impartida per personal especialitzat, a m\u00e9s de classes d\u2019entrenament i de finan\u00e7ament per a posar en marxa l\u2019empresa.<\/p>\n\n\n\n<p>Aix\u00ed doncs, ser\u00e0 un jurat qui avaluar\u00e0 cadascun dels projectes presentats segons l\u2019originalitat de la idea i la diferenciaci\u00f3, el coneixement del mercat i la compet\u00e8ncia, la viabilitat t\u00e8cnica i comercial, econ\u00f2mica i financera, els&nbsp; llocs de treball que crear\u00e0 o la innovaci\u00f3, a m\u00e9s tamb\u00e9 tindr\u00e0 en compte la diversificaci\u00f3 de l\u2019economia local.<\/p>\n\n\n\n<p>Es tracta d\u2019una iniciativa que ha estat pionera a la prov\u00edncia de Castell\u00f3 que compta amb el suport de la Cambra de Comer\u00e7 de Castell\u00f3, que forma part del jurat juntament amb les empreses locals patrocinadores com ara Grespania, Huhtamaki o la Caixa Rural Sant Josep de Nules, entre d\u2019altres.<\/p>\n","protected":false},"excerpt":{"rendered":"<p>Les persones interessades poden presentar el seu projecte fins al 31 de gener L\u2019Ajuntament de Nules amplia el termini per a participar a la vuitena edici\u00f3 del Programa Focus d\u2019Empreses, per la qual cosa les persones interessades poden presentar les seues propostes fins al pr\u00f2xim divendres 31 de gener. Aquest Focus d\u2019Empreses \u00e9s una aposta &#8230; <a title=\"Nules amplia el termini per a participar a la VIII Edici\u00f3 del programa Focus d&#8217;Empreses\" class=\"read-more\" href=\"https:\/\/elcafedepipa.com\/index.php\/2025\/01\/10\/nules-amplia-el-termini-per-a-participar-a-la-viii-edicio-del-programa-focus-dempreses\/\" aria-label=\"M\u00e9s informaci\u00f3 sobre Nules amplia el termini per a participar a la VIII Edici\u00f3 del programa Focus d&#8217;Empreses\">Read more<\/a><\/p>\n","protected":false},"author":2,"featured_media":9650,"comment_status":"closed","ping_status":"closed","sticky":false,"template":"","format":"standard","meta":{"om_disable_all_campaigns":false,"_monsterinsights_skip_tracking":false,"_monsterinsights_sitenote_active":false,"_monsterinsights_sitenote_note":"","_monsterinsights_sitenote_category":0,"_uf_show_specific_survey":0,"_uf_disable_surveys":false,"footnotes":""},"categories":[3],"tags":[],"class_list":["post-9649","post","type-post","status-publish","format-standard","has-post-thumbnail","hentry","category-nules"],"_links":{"self":[{"href":"https:\/\/elcafedepipa.com\/index.php\/wp-json\/wp\/v2\/posts\/9649","targetHints":{"allow":["GET"]}}],"collection":[{"href":"https:\/\/elcafedepipa.com\/index.php\/wp-json\/wp\/v2\/posts"}],"about":[{"href":"https:\/\/elcafedepipa.com\/index.php\/wp-json\/wp\/v2\/types\/post"}],"author":[{"embeddable":true,"href":"https:\/\/elcafedepipa.com\/index.php\/wp-json\/wp\/v2\/users\/2"}],"replies":[{"embeddable":true,"href":"https:\/\/elcafedepipa.com\/index.php\/wp-json\/wp\/v2\/comments?post=9649"}],"version-history":[{"count":0,"href":"https:\/\/elcafedepipa.com\/index.php\/wp-json\/wp\/v2\/posts\/9649\/revisions"}],"wp:featuredmedia":[{"embeddable":true,"href":"https:\/\/elcafedepipa.com\/index.php\/wp-json\/wp\/v2\/media\/9650"}],"wp:attachment":[{"href":"https:\/\/elcafedepipa.com\/index.php\/wp-json\/wp\/v2\/media?parent=9649"}],"wp:term":[{"taxonomy":"category","embeddable":true,"href":"https:\/\/elcafedepipa.com\/index.php\/wp-json\/wp\/v2\/categories?post=9649"},{"taxonomy":"post_tag","embeddable":true,"href":"https:\/\/elcafedepipa.com\/index.php\/wp-json\/wp\/v2\/tags?post=9649"}],"curies":[{"name":"wp","href":"https:\/\/api.w.org\/{rel}","templated":true}]}}