{"id":9646,"date":"2025-01-10T14:40:35","date_gmt":"2025-01-10T13:40:35","guid":{"rendered":"https:\/\/elcafedepipa.com\/?p=9646"},"modified":"2025-01-10T14:40:36","modified_gmt":"2025-01-10T13:40:36","slug":"el-pp-demana-a-tania-banos-parlar-menys-i-treballar-mes-perque-en-ple-2025-la-vall-seguix-sense-pressupost","status":"publish","type":"post","link":"https:\/\/elcafedepipa.com\/index.php\/2025\/01\/10\/el-pp-demana-a-tania-banos-parlar-menys-i-treballar-mes-perque-en-ple-2025-la-vall-seguix-sense-pressupost\/","title":{"rendered":"El PP demana a Tania Ba\u00f1os parlar menys i treballar m\u00e9s perqu\u00e8 \u201cen ple 2025 la Vall seguix sense pressupost\u201d"},"content":{"rendered":"\n<p>El Partit Popular de la Vall d&#8217;Uix\u00f3 ha demanat a l&#8217;alcaldessa de la localitat \u201cparlar menys i treballar m\u00e9s\u201d per a estar a l&#8217;altura d&#8217;un municipi que \u201cen ple 2025 no disposa de pressupost\u201d. Per a Herminio Serra, portaveu del PP, \u201c\u00e9s la demostraci\u00f3 clara del nivell de comprom\u00eds de qui ens governa, amb tota la capacitat de treballar amb la deguda previsi\u00f3 i antelaci\u00f3, arriben tard i malament\u201d, assegura.<\/p>\n\n\n\n<p>L&#8217;alcaldessa havia convocat inicialment per al 23 de desembre el debat de pressupostos. \u201cVa quedar susp\u00e9s i en data de hui seguim sense con\u00e9ixer per part del PSOE els motius en el retard de l&#8217;aprovaci\u00f3 dels comptes. Si llavors ja hagu\u00e9rem arribat tard perqu\u00e8 entrara en vigor el projecte econ\u00f2mic amb l&#8217;inici d&#8217;any, ara arribarem molt m\u00e9s tard, perqu\u00e8 res sabem del calendari que PSOE i socis manegen per a l&#8217;aprovaci\u00f3 dels comptes\u201d.<\/p>\n\n\n\n<p>Per a Serra, \u201caix\u00f2 suposa un problema greu\u201d. \u201cPrimer perqu\u00e8 es bloqueja l&#8217;execuci\u00f3 d&#8217;inversions programades per a enguany. Segon perqu\u00e8 els pagaments que s&#8217;han d&#8217;efectuar als qui ens subministren servicis tamb\u00e9 es veuen afectats. En definitiva, demanem a l&#8217;alcaldessa que en lloc de perdre el temps en missatges, fotos i promeses, es dedique a treballar, perqu\u00e8 la Vall ens preocupa\u201d.<\/p>\n\n\n\n<p>Mancant con\u00e9ixer els detalls, el portaveu del PP ja avan\u00e7a \u201cque enguany la vida ser\u00e0 m\u00e9s cara per a les fam\u00edlies, els aut\u00f2noms i les empreses\u201d. \u201cNom\u00e9s amb la implantaci\u00f3 de la taxa d&#8217;escombraries que el Govern de Pedro S\u00e1nchez imposa per llei, arribar a final de mes resultar\u00e0 m\u00e9s dif\u00edcil per a molts dels nostres ve\u00efns, perqu\u00e8 l&#8217;esquerra ni tan sols ha contemplat el principi que qui menys t\u00e9, menys pague\u201d.<\/p>\n\n\n\n<p>Des del PP confien que el PSOE informe en breu sobre quin \u00e9s el seu calendari per a debatre els comptes. Perqu\u00e8 \u201cmentres ells es tanquen en els seus despatxos, nosaltres estem amb els ciutadans que ens transmeten el municipi que desitjarien que fora la Vall. I eixes iniciatives i plantejaments s\u00f3n els que defenem cada dia per a millorar la qualitat de vida i el benestar del nostre municipi\u201d, ha concl\u00f2s el regidor.<\/p>\n","protected":false},"excerpt":{"rendered":"<p>El Partit Popular de la Vall d&#8217;Uix\u00f3 ha demanat a l&#8217;alcaldessa de la localitat \u201cparlar menys i treballar m\u00e9s\u201d per a estar a l&#8217;altura d&#8217;un municipi que \u201cen ple 2025 no disposa de pressupost\u201d. Per a Herminio Serra, portaveu del PP, \u201c\u00e9s la demostraci\u00f3 clara del nivell de comprom\u00eds de qui ens governa, amb tota &#8230; <a title=\"El PP demana a Tania Ba\u00f1os parlar menys i treballar m\u00e9s perqu\u00e8 \u201cen ple 2025 la Vall seguix sense pressupost\u201d\" class=\"read-more\" href=\"https:\/\/elcafedepipa.com\/index.php\/2025\/01\/10\/el-pp-demana-a-tania-banos-parlar-menys-i-treballar-mes-perque-en-ple-2025-la-vall-seguix-sense-pressupost\/\" aria-label=\"M\u00e9s informaci\u00f3 sobre El PP demana a Tania Ba\u00f1os parlar menys i treballar m\u00e9s perqu\u00e8 \u201cen ple 2025 la Vall seguix sense pressupost\u201d\">Read more<\/a><\/p>\n","protected":false},"author":2,"featured_media":9647,"comment_status":"closed","ping_status":"closed","sticky":false,"template":"","format":"standard","meta":{"om_disable_all_campaigns":false,"_monsterinsights_skip_tracking":false,"_monsterinsights_sitenote_active":false,"_monsterinsights_sitenote_note":"","_monsterinsights_sitenote_category":0,"_uf_show_specific_survey":0,"_uf_disable_surveys":false,"footnotes":""},"categories":[1],"tags":[],"class_list":["post-9646","post","type-post","status-publish","format-standard","has-post-thumbnail","hentry","category-non-classe"],"_links":{"self":[{"href":"https:\/\/elcafedepipa.com\/index.php\/wp-json\/wp\/v2\/posts\/9646","targetHints":{"allow":["GET"]}}],"collection":[{"href":"https:\/\/elcafedepipa.com\/index.php\/wp-json\/wp\/v2\/posts"}],"about":[{"href":"https:\/\/elcafedepipa.com\/index.php\/wp-json\/wp\/v2\/types\/post"}],"author":[{"embeddable":true,"href":"https:\/\/elcafedepipa.com\/index.php\/wp-json\/wp\/v2\/users\/2"}],"replies":[{"embeddable":true,"href":"https:\/\/elcafedepipa.com\/index.php\/wp-json\/wp\/v2\/comments?post=9646"}],"version-history":[{"count":0,"href":"https:\/\/elcafedepipa.com\/index.php\/wp-json\/wp\/v2\/posts\/9646\/revisions"}],"wp:featuredmedia":[{"embeddable":true,"href":"https:\/\/elcafedepipa.com\/index.php\/wp-json\/wp\/v2\/media\/9647"}],"wp:attachment":[{"href":"https:\/\/elcafedepipa.com\/index.php\/wp-json\/wp\/v2\/media?parent=9646"}],"wp:term":[{"taxonomy":"category","embeddable":true,"href":"https:\/\/elcafedepipa.com\/index.php\/wp-json\/wp\/v2\/categories?post=9646"},{"taxonomy":"post_tag","embeddable":true,"href":"https:\/\/elcafedepipa.com\/index.php\/wp-json\/wp\/v2\/tags?post=9646"}],"curies":[{"name":"wp","href":"https:\/\/api.w.org\/{rel}","templated":true}]}}