{"id":9631,"date":"2025-01-10T12:58:56","date_gmt":"2025-01-10T11:58:56","guid":{"rendered":"https:\/\/elcafedepipa.com\/?p=9631"},"modified":"2025-01-10T12:58:57","modified_gmt":"2025-01-10T11:58:57","slug":"el-pspv-recorre-a-la-via-judicial-per-a-revocar-la-decisio-de-marta-barrachina-de-retirar-els-14-milions-del-fons-de-cooperacio-que-deixen-els-ajuntament-a-la-vora-de-lasfixia","status":"publish","type":"post","link":"https:\/\/elcafedepipa.com\/index.php\/2025\/01\/10\/el-pspv-recorre-a-la-via-judicial-per-a-revocar-la-decisio-de-marta-barrachina-de-retirar-els-14-milions-del-fons-de-cooperacio-que-deixen-els-ajuntament-a-la-vora-de-lasfixia\/","title":{"rendered":"El PSPV recorre a la via judicial per a revocar la decisi\u00f3 de Marta Barrachina de retirar els 14 milions del Fons de Cooperaci\u00f3 que deixen els ajuntament a la vora de l\u2019asf\u00edxia"},"content":{"rendered":"\n<p><br><strong>Samuel Falomir alerta que deixar sense consignaci\u00f3 aquest fons posa en risc la viabilitat dels municipis en risc de despoblament i critica \u201cla falta de transpar\u00e8ncia i d\u2019objectivitat\u201d en el repartiment dels convenis singulars<\/strong><br><strong><br><\/strong>El PSPV-PSOE de la Diputaci\u00f3 acudir\u00e0 al jutjat contenci\u00f3s-administratiu per a defensar la continu\u00eftat del Fons de Cooperaci\u00f3 Municipal i revocar la decisi\u00f3 de Marta Barrachina de retirar 14 milions d\u2019euros en transfer\u00e8ncies als ajuntaments de Castell\u00f3. El portaveu del grup socialista, Samuel Falomir, considera que \u201chi ha base legal\u201d en assenyalar que la llei que regula la seua aplicaci\u00f3 \u201cobliga les diputacions adherides a pressupostar-lo\u201d.<br><br>\u201cLa Diputaci\u00f3 de Castell\u00f3 ha participat en aquest fons creat per la Generalitat des de 2020 i mai no ha manifestat la seua intenci\u00f3 de renunciar-hi, pel que est\u00e0 obligada a incloure la seua part si no vol for\u00e7ar cap atropellament de la legislaci\u00f3 auton\u00f2mica\u201d, ha afirmat.<br><br>A m\u00e9s a m\u00e9s, ha insistit que \u201cho portem als tribunals per a aturar questa maniobra que ataca frontalment l\u2019autonomia municipal i que \u00e9s un torpede a la viabilitat econ\u00f2mica dels municipis m\u00e9s vulnerables\u201d. \u201cHo fem per municipis \u00a0com Castell de Cabres, que perdr\u00e0 m\u00e9s del 60% dels seus ingressos. Estan deixant a molts ajuntaments a la vora de l\u2019asf\u00edxia i creant-los problemes on no n\u2019hi havia\u201d.<br><br><strong>No perjudica l\u2019entrada en vigor dels pressupostos<br><\/strong>Cal destacar que la presentaci\u00f3 del recurs davant el jutjat no encalla la entrada en vigor dels pressupostos. De fet, el PSPV ha renunciat a presentar al\u00b7legacions per a no endarrerir m\u00e9s el procediment i no perjudicar inversions, en especial les relacionades en l\u2019aigua. \u201cOptem per la just\u00edcia per a defensar els drets dels municipis sense posar pals sobre les rodes a la resta de projectes\u201d.\u00a0<br><br><strong>Falta de transpar\u00e8ncia en el repartiment de recursos<br><\/strong>El recurs judicial tamb\u00e9 servir\u00e0 per a denunciar \u201cla falta de transpar\u00e8ncia i d\u2019objectivitat en la distribuci\u00f3 de recursos a trav\u00e9s dels convenis singulars, una pr\u00e0ctica heretada del vell PP de Fabra que Marta Barrachina ha recuperat per a beneficiar localitats sense criteris clars i objectius\u201d. Per al l\u00edder del PSPV, aquesta manera de fer pol\u00edtica \u201cacaba amb el model de tracte igualitari que els socialistes vam impulsar amb Jos\u00e9 Mart\u00ed al capdavant de la Diputaci\u00f3, quan vam apostar per les convocat\u00f2ries p\u00fabliques i per la concurr\u00e8ncia competitiva per damunt de repartiments arbitraris\u201d, ha recordat Falomir.<br><br>A ju\u00ed del representant socialista, \u201cla decisi\u00f3 de Marta Barrachina i el seu equip de deixar a zero euros aquesta partida vulnera els principis d\u2019estabilitat, perman\u00e8ncia i equitat territorial que estableix la llei i la Constituci\u00f3\u201d.<br><br>Davant aix\u00f2, Samuel Falomir ha recalcat que \u201cdes del PSPV continuarem defensant l\u2019equitat territorial i exigint des de tots els fronts que es recupere la partida del Fons de Cooperaci\u00f3 Municipal en els pressupostos de 2025\u201d. \u201cBarrachina no pot seguir castigant els nostres pobles i si cal demanar empara a la just\u00edcia ho farem sense pors\u201d.<\/p>\n\n\n\n<p><\/p>\n","protected":false},"excerpt":{"rendered":"<p>Samuel Falomir alerta que deixar sense consignaci\u00f3 aquest fons posa en risc la viabilitat dels municipis en risc de despoblament i critica \u201cla falta de transpar\u00e8ncia i d\u2019objectivitat\u201d en el repartiment dels convenis singularsEl PSPV-PSOE de la Diputaci\u00f3 acudir\u00e0 al jutjat contenci\u00f3s-administratiu per a defensar la continu\u00eftat del Fons de Cooperaci\u00f3 Municipal i revocar la &#8230; <a title=\"El PSPV recorre a la via judicial per a revocar la decisi\u00f3 de Marta Barrachina de retirar els 14 milions del Fons de Cooperaci\u00f3 que deixen els ajuntament a la vora de l\u2019asf\u00edxia\" class=\"read-more\" href=\"https:\/\/elcafedepipa.com\/index.php\/2025\/01\/10\/el-pspv-recorre-a-la-via-judicial-per-a-revocar-la-decisio-de-marta-barrachina-de-retirar-els-14-milions-del-fons-de-cooperacio-que-deixen-els-ajuntament-a-la-vora-de-lasfixia\/\" aria-label=\"M\u00e9s informaci\u00f3 sobre El PSPV recorre a la via judicial per a revocar la decisi\u00f3 de Marta Barrachina de retirar els 14 milions del Fons de Cooperaci\u00f3 que deixen els ajuntament a la vora de l\u2019asf\u00edxia\">Read more<\/a><\/p>\n","protected":false},"author":2,"featured_media":9632,"comment_status":"closed","ping_status":"closed","sticky":false,"template":"","format":"standard","meta":{"om_disable_all_campaigns":false,"_monsterinsights_skip_tracking":false,"_monsterinsights_sitenote_active":false,"_monsterinsights_sitenote_note":"","_monsterinsights_sitenote_category":0,"_uf_show_specific_survey":0,"_uf_disable_surveys":false,"footnotes":""},"categories":[1],"tags":[],"class_list":["post-9631","post","type-post","status-publish","format-standard","has-post-thumbnail","hentry","category-non-classe"],"_links":{"self":[{"href":"https:\/\/elcafedepipa.com\/index.php\/wp-json\/wp\/v2\/posts\/9631","targetHints":{"allow":["GET"]}}],"collection":[{"href":"https:\/\/elcafedepipa.com\/index.php\/wp-json\/wp\/v2\/posts"}],"about":[{"href":"https:\/\/elcafedepipa.com\/index.php\/wp-json\/wp\/v2\/types\/post"}],"author":[{"embeddable":true,"href":"https:\/\/elcafedepipa.com\/index.php\/wp-json\/wp\/v2\/users\/2"}],"replies":[{"embeddable":true,"href":"https:\/\/elcafedepipa.com\/index.php\/wp-json\/wp\/v2\/comments?post=9631"}],"version-history":[{"count":0,"href":"https:\/\/elcafedepipa.com\/index.php\/wp-json\/wp\/v2\/posts\/9631\/revisions"}],"wp:featuredmedia":[{"embeddable":true,"href":"https:\/\/elcafedepipa.com\/index.php\/wp-json\/wp\/v2\/media\/9632"}],"wp:attachment":[{"href":"https:\/\/elcafedepipa.com\/index.php\/wp-json\/wp\/v2\/media?parent=9631"}],"wp:term":[{"taxonomy":"category","embeddable":true,"href":"https:\/\/elcafedepipa.com\/index.php\/wp-json\/wp\/v2\/categories?post=9631"},{"taxonomy":"post_tag","embeddable":true,"href":"https:\/\/elcafedepipa.com\/index.php\/wp-json\/wp\/v2\/tags?post=9631"}],"curies":[{"name":"wp","href":"https:\/\/api.w.org\/{rel}","templated":true}]}}