{"id":9575,"date":"2025-01-08T15:15:47","date_gmt":"2025-01-08T14:15:47","guid":{"rendered":"https:\/\/elcafedepipa.com\/?p=9575"},"modified":"2025-01-08T15:21:15","modified_gmt":"2025-01-08T14:21:15","slug":"lajuntament-dalmenara-acaba-els-processos-destabilitzacio-oamb-la-consolidacio-de-59-places-de-treball-en-el-consistori","status":"publish","type":"post","link":"https:\/\/elcafedepipa.com\/index.php\/2025\/01\/08\/lajuntament-dalmenara-acaba-els-processos-destabilitzacio-oamb-la-consolidacio-de-59-places-de-treball-en-el-consistori\/","title":{"rendered":"L&#8217;Ajuntament d&#8217;Almenara acaba els processos d&#8217;estabilitzaci\u00f3 amb la consolidaci\u00f3 de 59 places de treball en el Consistori"},"content":{"rendered":"\n<p><strong>Van finalitzar el passat 30 de desembre, complint dins del termini de la normativa legal vigent<\/strong><\/p>\n\n\n\n<p>L&#8217;Ajuntament d&#8217;Almenara ha culminat dins del termini i en la forma corresponent, el proc\u00e9s d&#8217;estabilitzaci\u00f3 de l&#8217;ocupaci\u00f3 temporal del consistori, en la qual s&#8217;han dut a terme 32 processos selectius amb l&#8217;estabilitzaci\u00f3 de 59 places de treball. El proc\u00e9s va acabar el passat 30 de desembre de 2024, atenent els terminis de la Llei vigent.<\/p>\n\n\n\n<p>Tot el procediment s&#8217;ha realitzat atenent la Llei 20\/2021 de 28 de desembre de mesures urgents per a la reducci\u00f3 de la temporalitat en l&#8217;ocupaci\u00f3 p\u00fablica que arreplegava les directrius de la Uni\u00f3 Europea i en la qual es marcava que els processos d&#8217;estabilitzaci\u00f3 de l&#8217;ocupaci\u00f3 temporal en l&#8217;administraci\u00f3 p\u00fablica s&#8217;havien de convocar abans del 31 de desembre de 2022 i acabar abans del 31 de desembre de 2024.<\/p>\n\n\n\n<p>Aix\u00ed doncs, l&#8217;Ajuntament d&#8217;Almenara, atesa aquesta normativa, ja en 2022 va dur a terme la convocat\u00f2ria de l&#8217;Oferta d&#8217;Ocupaci\u00f3 P\u00fablica Extraordin\u00e0ria d&#8217;Estabilitzaci\u00f3 d&#8217;Ocupaci\u00f3 Temporal a trav\u00e9s de la que s&#8217;han realitzat 32 processos selectius, que van culminar el 30 de desembre passat amb l&#8217;estabilitzaci\u00f3 de les 59 places d&#8217;ocupaci\u00f3 en el consistori.<\/p>\n\n\n\n<p>L&#8217;alcaldessa d&#8217;Almenara, Est\u00edbaliz P\u00e9rez, ha destacat que \u201cal llarg dels dos anys s&#8217;ha fet una gran faena per a culminar tot el proc\u00e9s atesa la normativa Europea i Estatal, ja que ha significat un gran volum de convocat\u00f2ries i processos selectius, complint les normes dins del termini i en la forma corresponent, acabant d&#8217;aquesta manera un important proc\u00e9s d&#8217;estabilitzaci\u00f3 de l&#8217;ocupaci\u00f3 p\u00fablica local\u201d.<\/p>\n","protected":false},"excerpt":{"rendered":"<p>Van finalitzar el passat 30 de desembre, complint dins del termini de la normativa legal vigent L&#8217;Ajuntament d&#8217;Almenara ha culminat dins del termini i en la forma corresponent, el proc\u00e9s d&#8217;estabilitzaci\u00f3 de l&#8217;ocupaci\u00f3 temporal del consistori, en la qual s&#8217;han dut a terme 32 processos selectius amb l&#8217;estabilitzaci\u00f3 de 59 places de treball. El proc\u00e9s &#8230; <a title=\"L&#8217;Ajuntament d&#8217;Almenara acaba els processos d&#8217;estabilitzaci\u00f3 amb la consolidaci\u00f3 de 59 places de treball en el Consistori\" class=\"read-more\" href=\"https:\/\/elcafedepipa.com\/index.php\/2025\/01\/08\/lajuntament-dalmenara-acaba-els-processos-destabilitzacio-oamb-la-consolidacio-de-59-places-de-treball-en-el-consistori\/\" aria-label=\"M\u00e9s informaci\u00f3 sobre L&#8217;Ajuntament d&#8217;Almenara acaba els processos d&#8217;estabilitzaci\u00f3 amb la consolidaci\u00f3 de 59 places de treball en el Consistori\">Read more<\/a><\/p>\n","protected":false},"author":2,"featured_media":9576,"comment_status":"closed","ping_status":"closed","sticky":false,"template":"","format":"standard","meta":{"om_disable_all_campaigns":false,"_monsterinsights_skip_tracking":false,"_monsterinsights_sitenote_active":false,"_monsterinsights_sitenote_note":"","_monsterinsights_sitenote_category":0,"_uf_show_specific_survey":0,"_uf_disable_surveys":false,"footnotes":""},"categories":[5],"tags":[],"class_list":["post-9575","post","type-post","status-publish","format-standard","has-post-thumbnail","hentry","category-almenara"],"_links":{"self":[{"href":"https:\/\/elcafedepipa.com\/index.php\/wp-json\/wp\/v2\/posts\/9575","targetHints":{"allow":["GET"]}}],"collection":[{"href":"https:\/\/elcafedepipa.com\/index.php\/wp-json\/wp\/v2\/posts"}],"about":[{"href":"https:\/\/elcafedepipa.com\/index.php\/wp-json\/wp\/v2\/types\/post"}],"author":[{"embeddable":true,"href":"https:\/\/elcafedepipa.com\/index.php\/wp-json\/wp\/v2\/users\/2"}],"replies":[{"embeddable":true,"href":"https:\/\/elcafedepipa.com\/index.php\/wp-json\/wp\/v2\/comments?post=9575"}],"version-history":[{"count":0,"href":"https:\/\/elcafedepipa.com\/index.php\/wp-json\/wp\/v2\/posts\/9575\/revisions"}],"wp:featuredmedia":[{"embeddable":true,"href":"https:\/\/elcafedepipa.com\/index.php\/wp-json\/wp\/v2\/media\/9576"}],"wp:attachment":[{"href":"https:\/\/elcafedepipa.com\/index.php\/wp-json\/wp\/v2\/media?parent=9575"}],"wp:term":[{"taxonomy":"category","embeddable":true,"href":"https:\/\/elcafedepipa.com\/index.php\/wp-json\/wp\/v2\/categories?post=9575"},{"taxonomy":"post_tag","embeddable":true,"href":"https:\/\/elcafedepipa.com\/index.php\/wp-json\/wp\/v2\/tags?post=9575"}],"curies":[{"name":"wp","href":"https:\/\/api.w.org\/{rel}","templated":true}]}}