{"id":9543,"date":"2025-01-07T15:04:52","date_gmt":"2025-01-07T14:04:52","guid":{"rendered":"https:\/\/elcafedepipa.com\/?p=9543"},"modified":"2025-01-07T15:04:54","modified_gmt":"2025-01-07T14:04:54","slug":"almenara-repren-les-visites-guiades-gratuites-mensuals-als-voltants-del-castell-i-a-la-torre-bivalcadim","status":"publish","type":"post","link":"https:\/\/elcafedepipa.com\/index.php\/2025\/01\/07\/almenara-repren-les-visites-guiades-gratuites-mensuals-als-voltants-del-castell-i-a-la-torre-bivalcadim\/","title":{"rendered":"Almenara repr\u00e9n les visites guiades gratu\u00eftes mensuals als voltants del Castell i a la Torre Bivalcadim"},"content":{"rendered":"\n<p><strong>La primera ser\u00e0 diumenge que ve, 12 de gener, a partir de les 9.30 hores, amb inscripci\u00f3 pr\u00e8via en el tel\u00e8fon 660 568 831<\/strong><\/p>\n\n\n\n<p>Despr\u00e9s de l&#8217;\u00e8xit de les rutes guiades gratu\u00eftes als voltants del Castell i a la recentment restaurada Torre Bivalcadim, l&#8217;Ajuntament d&#8217;Almenara, a trav\u00e9s de l&#8217;\u00e0rea de Turisme, ha programat tres noves visites guiades per a aquest primer trimestre de l&#8217;any 2025, coincidint amb el segon diumenge de cada mes.<\/p>\n\n\n\n<p>Aix\u00ed doncs, la primera de les visites guiades al Castell i la Torre Bivalcadim de 2025 ser\u00e0 diumenge que ve, 12 de gener, a partir de les 9.30 hores del mat\u00ed. Igual que en les ocasions anteriors, per a poder participar en la ruta ser\u00e0 necess\u00e0ria la inscripci\u00f3 pr\u00e8via en el tel\u00e8fon 660 568 831 (Tourist Info). Cal recordar que les places s\u00f3n limitades i que la ruta no est\u00e0 recomanada per a menors de 10 anys.<\/p>\n\n\n\n<p>El punt de partida ser\u00e0 l&#8217;esplanada del Castell per a continuar coneixent l&#8217;entorn d&#8217;aquest, aix\u00ed com la Torre Bivalcadim (l\u2019Ag\u00fcelet) a la qual es pujar\u00e0 i accedir\u00e0 a l&#8217;interior en grups redu\u00efts. Per a dur a terme la ruta es recomana cal\u00e7at i roba c\u00f2moda, aix\u00ed com gorra o barret per a protegir-se del sol, sense oblidar l&#8217;aigua. Tamb\u00e9 \u00e9s recomanable emportar-se un poc de menjar per a esmorzar al costat de l\u2019Ag\u00fcelet. Com en ocasions anteriors, les visites estaran guiades per l&#8217;equip d&#8217;Arqueocas.<\/p>\n\n\n\n<p>A m\u00e9s de la ruta del pr\u00f2xim dia 12, s&#8217;han programat noves visites guiades per als diumenges 9 de febrer i 9 de mar\u00e7, totes dues a les 10 del mat\u00ed, amb el mateix sistema d&#8217;inscripci\u00f3 pr\u00e8via.<\/p>\n","protected":false},"excerpt":{"rendered":"<p>La primera ser\u00e0 diumenge que ve, 12 de gener, a partir de les 9.30 hores, amb inscripci\u00f3 pr\u00e8via en el tel\u00e8fon 660 568 831 Despr\u00e9s de l&#8217;\u00e8xit de les rutes guiades gratu\u00eftes als voltants del Castell i a la recentment restaurada Torre Bivalcadim, l&#8217;Ajuntament d&#8217;Almenara, a trav\u00e9s de l&#8217;\u00e0rea de Turisme, ha programat tres noves &#8230; <a title=\"Almenara repr\u00e9n les visites guiades gratu\u00eftes mensuals als voltants del Castell i a la Torre Bivalcadim\" class=\"read-more\" href=\"https:\/\/elcafedepipa.com\/index.php\/2025\/01\/07\/almenara-repren-les-visites-guiades-gratuites-mensuals-als-voltants-del-castell-i-a-la-torre-bivalcadim\/\" aria-label=\"M\u00e9s informaci\u00f3 sobre Almenara repr\u00e9n les visites guiades gratu\u00eftes mensuals als voltants del Castell i a la Torre Bivalcadim\">Read more<\/a><\/p>\n","protected":false},"author":2,"featured_media":9544,"comment_status":"closed","ping_status":"closed","sticky":false,"template":"","format":"standard","meta":{"om_disable_all_campaigns":false,"_monsterinsights_skip_tracking":false,"_monsterinsights_sitenote_active":false,"_monsterinsights_sitenote_note":"","_monsterinsights_sitenote_category":0,"_uf_show_specific_survey":0,"_uf_disable_surveys":false,"footnotes":""},"categories":[5],"tags":[],"class_list":["post-9543","post","type-post","status-publish","format-standard","has-post-thumbnail","hentry","category-almenara"],"_links":{"self":[{"href":"https:\/\/elcafedepipa.com\/index.php\/wp-json\/wp\/v2\/posts\/9543","targetHints":{"allow":["GET"]}}],"collection":[{"href":"https:\/\/elcafedepipa.com\/index.php\/wp-json\/wp\/v2\/posts"}],"about":[{"href":"https:\/\/elcafedepipa.com\/index.php\/wp-json\/wp\/v2\/types\/post"}],"author":[{"embeddable":true,"href":"https:\/\/elcafedepipa.com\/index.php\/wp-json\/wp\/v2\/users\/2"}],"replies":[{"embeddable":true,"href":"https:\/\/elcafedepipa.com\/index.php\/wp-json\/wp\/v2\/comments?post=9543"}],"version-history":[{"count":0,"href":"https:\/\/elcafedepipa.com\/index.php\/wp-json\/wp\/v2\/posts\/9543\/revisions"}],"wp:featuredmedia":[{"embeddable":true,"href":"https:\/\/elcafedepipa.com\/index.php\/wp-json\/wp\/v2\/media\/9544"}],"wp:attachment":[{"href":"https:\/\/elcafedepipa.com\/index.php\/wp-json\/wp\/v2\/media?parent=9543"}],"wp:term":[{"taxonomy":"category","embeddable":true,"href":"https:\/\/elcafedepipa.com\/index.php\/wp-json\/wp\/v2\/categories?post=9543"},{"taxonomy":"post_tag","embeddable":true,"href":"https:\/\/elcafedepipa.com\/index.php\/wp-json\/wp\/v2\/tags?post=9543"}],"curies":[{"name":"wp","href":"https:\/\/api.w.org\/{rel}","templated":true}]}}