{"id":9539,"date":"2025-01-07T15:01:15","date_gmt":"2025-01-07T14:01:15","guid":{"rendered":"https:\/\/elcafedepipa.com\/?p=9539"},"modified":"2025-01-07T15:01:16","modified_gmt":"2025-01-07T14:01:16","slug":"la-finalitzacio-del-nou-ceip-rosario-perez-sera-una-de-les-millors-noticies-del-2025-per-a-la-vall-duixo","status":"publish","type":"post","link":"https:\/\/elcafedepipa.com\/index.php\/2025\/01\/07\/la-finalitzacio-del-nou-ceip-rosario-perez-sera-una-de-les-millors-noticies-del-2025-per-a-la-vall-duixo\/","title":{"rendered":"La finalitzaci\u00f3 del nou CEIP Rosario P\u00e9rez ser\u00e0 una de les millors not\u00edcies del 2025 per a la Vall d\u2019Uix\u00f3"},"content":{"rendered":"\n<p><strong>L\u00b4estructura est\u00e0 pr\u00e0cticament acabada i el disseny arquitect\u00f2nic es basa en l\u00b4accessibilitat, la sostenibilitat i els espais oberts<\/strong><\/p>\n\n\n\n<p>L&#8217;Ajuntament de la Vall d&#8217;Uix\u00f3 ha repr\u00e8s la seua activitat habitual despr\u00e9s de Nadal amb una visita de treball a les obres de construcci\u00f3 del nou col\u00b7legi Rosario P\u00e9rez, que avancen segons el calendari previst i l&#8217;estructura ja est\u00e0 pr\u00e0cticament acabada. Aquest \u00e9s &#8220;un projecte clau per al barri Carbonaire i la seua finalitzaci\u00f3 ser\u00e0 una de les millors not\u00edcies d\u00b4aquest any que acabem d\u00b4arrancar&#8221;, ha destacat l\u00b4alcaldessa, Tania Ba\u00f1os.<\/p>\n\n\n\n<p>Amb una inversi\u00f3 de 5,6 milions d&#8217;euros s&#8217;est\u00e0 construint una infraestructura moderna que es basa en l&#8217;accessibilitat, la sostenibilitat i l&#8217;adaptaci\u00f3 a les necessitats educatives i pedag\u00f2giques actuals. De fet, el disseny arquitect\u00f2nic compta amb diversos nivells d&#8217;acc\u00e9s interconnectats i s&#8217;hi integra amb l&#8217;entorn natural i urb\u00e0. El projecte instal\u00b7la tamb\u00e9 sistemes d&#8217;efici\u00e8ncia energ\u00e8tica, com ara plaques fotovoltaiques o aprofitament de la ventilaci\u00f3 creuada.<\/p>\n\n\n\n<p>Un altre dels eixos del nou col\u00b7legi s\u00f3n els espais amplis a l&#8217;aire lliure, una sala multiusos i la zona d&#8217;infantil que tindr\u00e0 una entrada pr\u00f2pia per\u00f2 connectada amb la resta de l&#8217;edifici. Per la seua banda, la biblioteca tamb\u00e9 disposar\u00e0 d&#8217;acc\u00e9s independent &#8220;perqu\u00e8 estiga oberta a tot el barri fora de l&#8217;horari escolar i puga acollir activitats comunit\u00e0ries&#8221;, tal com ha destacat la regidora d&#8217;Educaci\u00f3, Maria Cruces.<\/p>\n\n\n\n<p>L\u00b4alcaldessa ha assenyalat que el nou Rosario P\u00e9rez &#8220;\u00e9s una reivindicaci\u00f3 del Carbonaire des de fa 30 anys&#8221; i representa &#8220;una aposta per l\u00b4educaci\u00f3 p\u00fablica i de qualitat&#8221;. Aix\u00ed, aquesta ser\u00e0 \u201cl&#8217;escola que es mereix el barri\u201d. Fa exactament un any, la tornada de l&#8217;alumnat del CEIP Rosario P\u00e9rez despr\u00e9s de les vacances nadalenques es va fer a les aules provisionals. Una setmana m\u00e9s tard, el 15 de gener, van comen\u00e7ar les obres. La previsi\u00f3 \u00e9s que al llarg del 2025 estiguen acabades.<\/p>\n\n\n\n<figure class=\"wp-block-image size-large\"><img fetchpriority=\"high\" decoding=\"async\" width=\"1024\" height=\"768\" src=\"https:\/\/elcafedepipa.com\/wp-content\/uploads\/2025\/01\/rosario-perez-1-1024x768.jpeg\" alt=\"\" class=\"wp-image-9541\" srcset=\"https:\/\/elcafedepipa.com\/wp-content\/uploads\/2025\/01\/rosario-perez-1-1024x768.jpeg 1024w, https:\/\/elcafedepipa.com\/wp-content\/uploads\/2025\/01\/rosario-perez-1-300x225.jpeg 300w, https:\/\/elcafedepipa.com\/wp-content\/uploads\/2025\/01\/rosario-perez-1-768x576.jpeg 768w, https:\/\/elcafedepipa.com\/wp-content\/uploads\/2025\/01\/rosario-perez-1-1536x1152.jpeg 1536w, https:\/\/elcafedepipa.com\/wp-content\/uploads\/2025\/01\/rosario-perez-1-2048x1536.jpeg 2048w\" sizes=\"(max-width: 1024px) 100vw, 1024px\" \/><\/figure>\n","protected":false},"excerpt":{"rendered":"<p>L\u00b4estructura est\u00e0 pr\u00e0cticament acabada i el disseny arquitect\u00f2nic es basa en l\u00b4accessibilitat, la sostenibilitat i els espais oberts L&#8217;Ajuntament de la Vall d&#8217;Uix\u00f3 ha repr\u00e8s la seua activitat habitual despr\u00e9s de Nadal amb una visita de treball a les obres de construcci\u00f3 del nou col\u00b7legi Rosario P\u00e9rez, que avancen segons el calendari previst i l&#8217;estructura &#8230; <a title=\"La finalitzaci\u00f3 del nou CEIP Rosario P\u00e9rez ser\u00e0 una de les millors not\u00edcies del 2025 per a la Vall d\u2019Uix\u00f3\" class=\"read-more\" href=\"https:\/\/elcafedepipa.com\/index.php\/2025\/01\/07\/la-finalitzacio-del-nou-ceip-rosario-perez-sera-una-de-les-millors-noticies-del-2025-per-a-la-vall-duixo\/\" aria-label=\"M\u00e9s informaci\u00f3 sobre La finalitzaci\u00f3 del nou CEIP Rosario P\u00e9rez ser\u00e0 una de les millors not\u00edcies del 2025 per a la Vall d\u2019Uix\u00f3\">Read more<\/a><\/p>\n","protected":false},"author":2,"featured_media":9540,"comment_status":"closed","ping_status":"closed","sticky":false,"template":"","format":"standard","meta":{"om_disable_all_campaigns":false,"_monsterinsights_skip_tracking":false,"_monsterinsights_sitenote_active":false,"_monsterinsights_sitenote_note":"","_monsterinsights_sitenote_category":0,"_uf_show_specific_survey":0,"_uf_disable_surveys":false,"footnotes":""},"categories":[1],"tags":[],"class_list":["post-9539","post","type-post","status-publish","format-standard","has-post-thumbnail","hentry","category-non-classe"],"_links":{"self":[{"href":"https:\/\/elcafedepipa.com\/index.php\/wp-json\/wp\/v2\/posts\/9539","targetHints":{"allow":["GET"]}}],"collection":[{"href":"https:\/\/elcafedepipa.com\/index.php\/wp-json\/wp\/v2\/posts"}],"about":[{"href":"https:\/\/elcafedepipa.com\/index.php\/wp-json\/wp\/v2\/types\/post"}],"author":[{"embeddable":true,"href":"https:\/\/elcafedepipa.com\/index.php\/wp-json\/wp\/v2\/users\/2"}],"replies":[{"embeddable":true,"href":"https:\/\/elcafedepipa.com\/index.php\/wp-json\/wp\/v2\/comments?post=9539"}],"version-history":[{"count":0,"href":"https:\/\/elcafedepipa.com\/index.php\/wp-json\/wp\/v2\/posts\/9539\/revisions"}],"wp:featuredmedia":[{"embeddable":true,"href":"https:\/\/elcafedepipa.com\/index.php\/wp-json\/wp\/v2\/media\/9540"}],"wp:attachment":[{"href":"https:\/\/elcafedepipa.com\/index.php\/wp-json\/wp\/v2\/media?parent=9539"}],"wp:term":[{"taxonomy":"category","embeddable":true,"href":"https:\/\/elcafedepipa.com\/index.php\/wp-json\/wp\/v2\/categories?post=9539"},{"taxonomy":"post_tag","embeddable":true,"href":"https:\/\/elcafedepipa.com\/index.php\/wp-json\/wp\/v2\/tags?post=9539"}],"curies":[{"name":"wp","href":"https:\/\/api.w.org\/{rel}","templated":true}]}}