{"id":9412,"date":"2024-12-21T20:45:45","date_gmt":"2024-12-21T19:45:45","guid":{"rendered":"https:\/\/elcafedepipa.com\/?p=9412"},"modified":"2024-12-21T20:54:37","modified_gmt":"2024-12-21T19:54:37","slug":"latzeneta-se-queda-el-balo-i-la-ude-els-tres-punts-extasi-en-el-mangrinan-bon-nadal","status":"publish","type":"post","link":"https:\/\/elcafedepipa.com\/index.php\/2024\/12\/21\/latzeneta-se-queda-el-balo-i-la-ude-els-tres-punts-extasi-en-el-mangrinan-bon-nadal\/","title":{"rendered":"L&#8217;Atzeneta se queda el bal\u00f3 i la UDE els tres punts (2-1). \u00c8xtasi en el Mangri\u00f1\u00e1n. Bon Nadal."},"content":{"rendered":"\n<p><strong>Victor Ferrando (13&#8242;) i Amine (82&#8242;) els \u00faltims golejadors de l&#8217;any 2024. Els de Descalzo dormen tercers en la classificaci\u00f3.<\/strong><\/p>\n\n\n\n<p>A la UDE li va b\u00e9 el fred. Ho va demostrar contra el Soneja i ho ha demostrat hui contra els de la Vall d&#8217;Albaida que arribaven l\u00edders. Des de la capital de la plana s&#8217;hauran recordat esta vesprada dels seus ve\u00efns de la plana baixa que els han possibilitat fer-se en el primer lloc del grup sis\u00e9 de la Tercera RFEF. Tots contents. Tamb\u00e9 una afici\u00f3 que mai defrauda i que ha estat contenint la respiraci\u00f3 durant gran part del partit davant els de taronja i que saltava extasiada quan Amine a falta de 8 minuts ficava la pilota al fons de la xarxa i desfeia l&#8217;empat (un gol\u00e0s imparable de l&#8217;Atzeneta als 8 minuts de la represa en un xut des de fora de l&#8217;\u00e0rea). Per\u00f2 no, no serien nom\u00e9s 8 minuts per al final, en quedaven encara 10 m\u00e9s d&#8217;afegit\u00f3 que s&#8217;han fet interminables, tot i que -mira per a on- la UDE aplegava amb desvergonyiment a la porteria de Ferran Ferri.<\/p>\n\n\n\n<p>S\u00ed, l&#8217;Atzeneta ha tingut el bal\u00f3, i en el primer de la UDE, V\u00edctor Ferrando ha resolt en positiu un marejol en l&#8217;\u00e0rea taronja. No conv\u00e9 cabrejar a un equip que venia de perdre en casa i que \u00e9s un dels vaixells ins\u00edgnia de la categoria, per\u00f2 que no obliden que el sempre jove David Mart\u00ednez (35 anys ja el contemplen) \u00e9s el porter menys golejat i que s\u00ed algo sap fer la UDE es patir i defendre. I hui ha eixit b\u00e9; altres vegades en molt m\u00e9s, no. Poca hist\u00f2ria ha tingut la primera part, per\u00f2 en la represa els d&#8217;Albaida volien que sobrara mitja part del terreny de joc, i en la seua embestida lograven empatar.<\/p>\n\n\n\n<p>L&#8217;Atzeneta imposa per la quantitat de diners que t\u00e9 invertits en el planter, i per que menejen molt b\u00e9 la pilota de punta punta del verd artificial per\u00f2 en el duel de les Valls, s&#8217;ha imposat la d&#8217;Uix\u00f3 i no la d&#8217;Albaida. La ilusi\u00f3 no se compra, i la UDE en t\u00e9 de sobra. I per a qu\u00e8 negar-ho: hi havien comptes pendents. I com va dir Alejandro Sanz, en aquest mateix camp i amb el mateix president (llavors de les Penyes, ara de la UDE), hui &#8220;la Margarita dijo s\u00ed&#8221;.<\/p>\n\n\n\n<p>Tanquen els de Descalzo un any espectacular que tardaran en oblidar i que la hist\u00f2ria recordar\u00e0. Per\u00f2 est\u00e0 prohibit confiar-se i pensar que ha passat el pitjor. Tot el contrari, l&#8217;equip t\u00e9 que seguir creixent i augmentar les sensacions ara que li parlen de tu a tu a Soneja i Atzeneta. Cal aclimatar-se a la categoria i no baixar la gu\u00e0rdia. De moment, llic\u00e8ncia per a somiar, per m\u00e9s que els mandamasos, repeteixen com un mantra que l&#8217;objectiu \u00e9s la perman\u00e8ncia. Fan b\u00e9, \u00e9s el seu paper. Ara nom\u00e9s queda que els reis mags, el pare Noel, o a falta d&#8217;ells&#8230; l&#8217;Ajuntament, vagen traent les pedres per a remodelar almenys la grada de tribuna i que el jugador n\u00famero 12 no tinga que acabar af\u00f2nic cada partit insuflant \u00e0nims. Descalzo, -qu\u00e9 \u00e9s un bonot- diu que s\u00ed que escolten a l&#8217;afici\u00f3 com si estiguera damunt, i que aix\u00f2 els d\u00f3na ales. Hui estaven tots contents.<\/p>\n\n\n\n<p>I del partit qu\u00e8? Doncs l&#8217;Atzeneta el bal\u00f3 i la UDE quatre arribades generoses (dos gols, un penal no pitat, i un esglai per als de taronja) que valen tres punts d&#8217;or i tanquen un any excepcional.<\/p>\n\n\n\n<p><strong>UDE:<\/strong> David, Luismi (Amine, 75&#8242;), Ferrer, Blas, Pi\u00f1a, Ximo Forner, Mor\u00f3n (Aguilar, 75&#8242;), Burri (Zurita, 69&#8242;), V\u00edctor Ferrando, Megina i Cervera (Moi, 75&#8242;)<\/p>\n\n\n\n<p><strong>ATZENETA:<\/strong> Ferran Ferri, Rodri Flores, Jos\u00e9 Ballester, Arratia, Victor Juli\u00e0, Gorxa, Brandon, Salva, Marcos Tom\u00e9, Binu i Lucas.<\/p>\n\n\n\n<figure class=\"wp-block-video\"><video height=\"480\" style=\"aspect-ratio: 848 \/ 480;\" width=\"848\" controls src=\"https:\/\/elcafedepipa.com\/wp-content\/uploads\/2024\/12\/ude21.mp4\"><\/video><\/figure>\n\n\n\n<p><\/p>\n","protected":false},"excerpt":{"rendered":"<p>Victor Ferrando (13&#8242;) i Amine (82&#8242;) els \u00faltims golejadors de l&#8217;any 2024. Els de Descalzo dormen tercers en la classificaci\u00f3. A la UDE li va b\u00e9 el fred. Ho va demostrar contra el Soneja i ho ha demostrat hui contra els de la Vall d&#8217;Albaida que arribaven l\u00edders. Des de la capital de la plana &#8230; <a title=\"L&#8217;Atzeneta se queda el bal\u00f3 i la UDE els tres punts (2-1). \u00c8xtasi en el Mangri\u00f1\u00e1n. Bon Nadal.\" class=\"read-more\" href=\"https:\/\/elcafedepipa.com\/index.php\/2024\/12\/21\/latzeneta-se-queda-el-balo-i-la-ude-els-tres-punts-extasi-en-el-mangrinan-bon-nadal\/\" aria-label=\"M\u00e9s informaci\u00f3 sobre L&#8217;Atzeneta se queda el bal\u00f3 i la UDE els tres punts (2-1). \u00c8xtasi en el Mangri\u00f1\u00e1n. Bon Nadal.\">Read more<\/a><\/p>\n","protected":false},"author":2,"featured_media":9413,"comment_status":"closed","ping_status":"closed","sticky":false,"template":"","format":"standard","meta":{"om_disable_all_campaigns":false,"_monsterinsights_skip_tracking":false,"_monsterinsights_sitenote_active":false,"_monsterinsights_sitenote_note":"","_monsterinsights_sitenote_category":0,"_uf_show_specific_survey":0,"_uf_disable_surveys":false,"footnotes":""},"categories":[1],"tags":[],"class_list":["post-9412","post","type-post","status-publish","format-standard","has-post-thumbnail","hentry","category-non-classe"],"_links":{"self":[{"href":"https:\/\/elcafedepipa.com\/index.php\/wp-json\/wp\/v2\/posts\/9412","targetHints":{"allow":["GET"]}}],"collection":[{"href":"https:\/\/elcafedepipa.com\/index.php\/wp-json\/wp\/v2\/posts"}],"about":[{"href":"https:\/\/elcafedepipa.com\/index.php\/wp-json\/wp\/v2\/types\/post"}],"author":[{"embeddable":true,"href":"https:\/\/elcafedepipa.com\/index.php\/wp-json\/wp\/v2\/users\/2"}],"replies":[{"embeddable":true,"href":"https:\/\/elcafedepipa.com\/index.php\/wp-json\/wp\/v2\/comments?post=9412"}],"version-history":[{"count":0,"href":"https:\/\/elcafedepipa.com\/index.php\/wp-json\/wp\/v2\/posts\/9412\/revisions"}],"wp:featuredmedia":[{"embeddable":true,"href":"https:\/\/elcafedepipa.com\/index.php\/wp-json\/wp\/v2\/media\/9413"}],"wp:attachment":[{"href":"https:\/\/elcafedepipa.com\/index.php\/wp-json\/wp\/v2\/media?parent=9412"}],"wp:term":[{"taxonomy":"category","embeddable":true,"href":"https:\/\/elcafedepipa.com\/index.php\/wp-json\/wp\/v2\/categories?post=9412"},{"taxonomy":"post_tag","embeddable":true,"href":"https:\/\/elcafedepipa.com\/index.php\/wp-json\/wp\/v2\/tags?post=9412"}],"curies":[{"name":"wp","href":"https:\/\/api.w.org\/{rel}","templated":true}]}}