{"id":9377,"date":"2024-12-19T14:50:19","date_gmt":"2024-12-19T13:50:19","guid":{"rendered":"https:\/\/elcafedepipa.com\/?p=9377"},"modified":"2024-12-19T14:50:21","modified_gmt":"2024-12-19T13:50:21","slug":"lajuntament-dalfondeguilla-dona-5-000-euros-a-un-historic-venedor-del-mercat-local-afectat-per-la-dana","status":"publish","type":"post","link":"https:\/\/elcafedepipa.com\/index.php\/2024\/12\/19\/lajuntament-dalfondeguilla-dona-5-000-euros-a-un-historic-venedor-del-mercat-local-afectat-per-la-dana\/","title":{"rendered":"L&#8217;Ajuntament d&#8217;Alfondeguilla dona 5.000 euros a un hist\u00f2ric venedor del mercat local afectat per la DANA"},"content":{"rendered":"\n<p><strong>L&#8217;Ajuntament d&#8217;Alfondeguilla ha fet lliurament este mat\u00ed d&#8217;un xec per valor 5.000 euros a un venedor del mercat, ve\u00ed de Paiporta, que ho va perdre tot durant la DANA del passat 29 d&#8217;octubre.<\/strong><\/p>\n\n\n\n<p>L&#8217;alcalde d&#8217;Alfondeguilla, Salvador Ventura, ha assegurat que \u201c\u00e9s un xicotet gest per a recon\u00e9ixer la traject\u00f2ria de Juan Antonio Tarazona i ajudar-lo a superar esta dif\u00edcil situaci\u00f3\u201d. Este venedor porta m\u00e9s de 25 anys oferint els seus productes en el mercat d&#8217;Alfondeguilla i \u00e9s una persona molt volguda pels ve\u00efns.<\/p>\n\n\n\n<p>Amb esta ajuda, Tarazona podr\u00e0 comen\u00e7ar a reconstruir el seu negoci i tornar a la normalitat.<\/p>\n\n\n\n<p>\u201cQuan vam con\u00e9ixer la trista not\u00edcia que Juan Antonio ho havia perdut tot, des dels vehicles amb els quals ell i la seua dona anaven als mercats, els productes d&#8217;alimentaci\u00f3 que tenien emmagatzemats a Paiporta, i la seua casa ha patit greus danys, no pod\u00edem quedar-nos de bra\u00e7os plegats i agilitzem al m\u00e0xim l&#8217;expedient perqu\u00e8 hui mateix tinga en el seu compte l&#8217;ajuda de 5.000 euros que li permeta reprendre el seu ofici amb optimisme\u201d, ha explicat Ventura.<\/p>\n\n\n\n<p>Despr\u00e9s d&#8217;un mes, este emprenedor de Paiporta va tornar al mercat d&#8217;Alfondeguilla dijous passat 12 de desembre i hui, una setmana despr\u00e9s, s&#8217;ha emportat una grata sorpresa.<\/p>\n\n\n\n<p>L&#8217;alcalde ha assenyalat l&#8217;emoci\u00f3 amb la qual Juan Antonio Tarazona ha rebut l&#8217;ajuda.<\/p>\n","protected":false},"excerpt":{"rendered":"<p>L&#8217;Ajuntament d&#8217;Alfondeguilla ha fet lliurament este mat\u00ed d&#8217;un xec per valor 5.000 euros a un venedor del mercat, ve\u00ed de Paiporta, que ho va perdre tot durant la DANA del passat 29 d&#8217;octubre. L&#8217;alcalde d&#8217;Alfondeguilla, Salvador Ventura, ha assegurat que \u201c\u00e9s un xicotet gest per a recon\u00e9ixer la traject\u00f2ria de Juan Antonio Tarazona i ajudar-lo &#8230; <a title=\"L&#8217;Ajuntament d&#8217;Alfondeguilla dona 5.000 euros a un hist\u00f2ric venedor del mercat local afectat per la DANA\" class=\"read-more\" href=\"https:\/\/elcafedepipa.com\/index.php\/2024\/12\/19\/lajuntament-dalfondeguilla-dona-5-000-euros-a-un-historic-venedor-del-mercat-local-afectat-per-la-dana\/\" aria-label=\"M\u00e9s informaci\u00f3 sobre L&#8217;Ajuntament d&#8217;Alfondeguilla dona 5.000 euros a un hist\u00f2ric venedor del mercat local afectat per la DANA\">Read more<\/a><\/p>\n","protected":false},"author":2,"featured_media":9378,"comment_status":"closed","ping_status":"closed","sticky":false,"template":"","format":"standard","meta":{"om_disable_all_campaigns":false,"_monsterinsights_skip_tracking":false,"_monsterinsights_sitenote_active":false,"_monsterinsights_sitenote_note":"","_monsterinsights_sitenote_category":0,"_uf_show_specific_survey":0,"_uf_disable_surveys":false,"footnotes":""},"categories":[1],"tags":[],"class_list":["post-9377","post","type-post","status-publish","format-standard","has-post-thumbnail","hentry","category-non-classe"],"_links":{"self":[{"href":"https:\/\/elcafedepipa.com\/index.php\/wp-json\/wp\/v2\/posts\/9377","targetHints":{"allow":["GET"]}}],"collection":[{"href":"https:\/\/elcafedepipa.com\/index.php\/wp-json\/wp\/v2\/posts"}],"about":[{"href":"https:\/\/elcafedepipa.com\/index.php\/wp-json\/wp\/v2\/types\/post"}],"author":[{"embeddable":true,"href":"https:\/\/elcafedepipa.com\/index.php\/wp-json\/wp\/v2\/users\/2"}],"replies":[{"embeddable":true,"href":"https:\/\/elcafedepipa.com\/index.php\/wp-json\/wp\/v2\/comments?post=9377"}],"version-history":[{"count":0,"href":"https:\/\/elcafedepipa.com\/index.php\/wp-json\/wp\/v2\/posts\/9377\/revisions"}],"wp:featuredmedia":[{"embeddable":true,"href":"https:\/\/elcafedepipa.com\/index.php\/wp-json\/wp\/v2\/media\/9378"}],"wp:attachment":[{"href":"https:\/\/elcafedepipa.com\/index.php\/wp-json\/wp\/v2\/media?parent=9377"}],"wp:term":[{"taxonomy":"category","embeddable":true,"href":"https:\/\/elcafedepipa.com\/index.php\/wp-json\/wp\/v2\/categories?post=9377"},{"taxonomy":"post_tag","embeddable":true,"href":"https:\/\/elcafedepipa.com\/index.php\/wp-json\/wp\/v2\/tags?post=9377"}],"curies":[{"name":"wp","href":"https:\/\/api.w.org\/{rel}","templated":true}]}}