{"id":9366,"date":"2024-12-19T14:40:14","date_gmt":"2024-12-19T13:40:14","guid":{"rendered":"https:\/\/elcafedepipa.com\/?p=9366"},"modified":"2024-12-19T23:50:25","modified_gmt":"2024-12-19T22:50:25","slug":"el-pp-de-la-vall-duixo-diu-que-el-problema-de-ledifici-okupat-al-carrer-alfondeguilla-sagreuja-i-demana-mes-informacio-a-lajuntament","status":"publish","type":"post","link":"https:\/\/elcafedepipa.com\/index.php\/2024\/12\/19\/el-pp-de-la-vall-duixo-diu-que-el-problema-de-ledifici-okupat-al-carrer-alfondeguilla-sagreuja-i-demana-mes-informacio-a-lajuntament\/","title":{"rendered":"El PP de la Vall d&#8217;Uix\u00f3 diu que el problema de l&#8217;edifici okupat al carrer Alfondeguilla &#8220;s&#8217;agreuja&#8221; i demana m\u00e9s informaci\u00f3 a l&#8217;Ajuntament."},"content":{"rendered":"\n<p>El Partit Popular de la Vall d&#8217;Uix\u00f3 ha sol\u00b7licitat una ampliaci\u00f3 de la informaci\u00f3 relativa a les actuacions realitzades per l&#8217;Ajuntament en l&#8217;edifici okupat del carrer Alfondeguilla aix\u00ed com les queixes transmeses pels ve\u00efns per incivisme i insalubritat. \u201cVolem solucions, com demanen els ve\u00efns, perqu\u00e8 el problema s&#8217;agreuja\u201d.<\/p>\n\n\n\n<p>Aix\u00ed ho ha manifestat Herminio Serra, portaveu del PP en la localitat, qui demana actuar \u201ccontra un delicte\u201d que \u201cs&#8217;ha d&#8217;atallar\u201d. \u201cEls ve\u00efns d&#8217;este edifici no sols suporten la falta de conviv\u00e8ncia provocada per uns inquilins que okupen de manera il\u00b7legal unes vivendes els propietaris de les quals no han autoritzat la seua entrada\u201d. \u201c\u00c9s que a m\u00e9s les escombraries que llancen al barranc amena\u00e7a amb un problema de salubritat\u201d.<\/p>\n\n\n\n<p>El regidor del PP reclama solucions. \u201cVolem ajudar i col\u00b7laborar en la busca de solucions. Perqu\u00e8 este \u00e9s un problema que ens afecta a tots, per damunt d&#8217;ideologies. I s&#8217;ha de resoldre per a estar a l&#8217;altura del que ens exigixen els ciutadans, als qui ens devem i servim. Encara que hi haja a qui se li ha oblidat aix\u00f2 \u00faltim\u201d.<\/p>\n\n\n\n<p>Serra, que s&#8217;ha reunit amb ve\u00efns afectats per esta okupaci\u00f3 lamenta que \u201ceste problema no siga l&#8217;\u00fanic que existix en la Vall. Hi ha altres dos edificis i m\u00e9s ve\u00efns que suporten la falta de civisme dels qui okupen de manera il\u00b7legal. L&#8217;alcaldessa no pot estar tancada en el seu despatx i de bra\u00e7os plegats. Ha d&#8217;actuar\u201d.<\/p>\n\n\n\n<p>En este sentit, el portaveu considera que es tracta \u201cd&#8217;un problema seri\u00f3s\u201d enfront del qual \u201cno podem posar-nos de perfil\u201d. \u201cLa seguretat \u00e9s un dret que assistix a tots els ve\u00efns i mereixen no perdre-la. Cal actuar contra qui delinquix i en el PP trobaran un aliat fidel perqu\u00e8 es retorne la conviv\u00e8ncia i acaben les queixes. Ning\u00fa mereix viure amb por\u201d, ha considerat el regidor del PP en la Vall.<\/p>\n\n\n\n<p><\/p>\n","protected":false},"excerpt":{"rendered":"<p>El Partit Popular de la Vall d&#8217;Uix\u00f3 ha sol\u00b7licitat una ampliaci\u00f3 de la informaci\u00f3 relativa a les actuacions realitzades per l&#8217;Ajuntament en l&#8217;edifici okupat del carrer Alfondeguilla aix\u00ed com les queixes transmeses pels ve\u00efns per incivisme i insalubritat. \u201cVolem solucions, com demanen els ve\u00efns, perqu\u00e8 el problema s&#8217;agreuja\u201d. Aix\u00ed ho ha manifestat Herminio Serra, portaveu &#8230; <a title=\"El PP de la Vall d&#8217;Uix\u00f3 diu que el problema de l&#8217;edifici okupat al carrer Alfondeguilla &#8220;s&#8217;agreuja&#8221; i demana m\u00e9s informaci\u00f3 a l&#8217;Ajuntament.\" class=\"read-more\" href=\"https:\/\/elcafedepipa.com\/index.php\/2024\/12\/19\/el-pp-de-la-vall-duixo-diu-que-el-problema-de-ledifici-okupat-al-carrer-alfondeguilla-sagreuja-i-demana-mes-informacio-a-lajuntament\/\" aria-label=\"M\u00e9s informaci\u00f3 sobre El PP de la Vall d&#8217;Uix\u00f3 diu que el problema de l&#8217;edifici okupat al carrer Alfondeguilla &#8220;s&#8217;agreuja&#8221; i demana m\u00e9s informaci\u00f3 a l&#8217;Ajuntament.\">Read more<\/a><\/p>\n","protected":false},"author":2,"featured_media":9367,"comment_status":"closed","ping_status":"closed","sticky":false,"template":"","format":"standard","meta":{"om_disable_all_campaigns":false,"_monsterinsights_skip_tracking":false,"_monsterinsights_sitenote_active":false,"_monsterinsights_sitenote_note":"","_monsterinsights_sitenote_category":0,"_uf_show_specific_survey":0,"_uf_disable_surveys":false,"footnotes":""},"categories":[1],"tags":[],"class_list":["post-9366","post","type-post","status-publish","format-standard","has-post-thumbnail","hentry","category-non-classe"],"_links":{"self":[{"href":"https:\/\/elcafedepipa.com\/index.php\/wp-json\/wp\/v2\/posts\/9366","targetHints":{"allow":["GET"]}}],"collection":[{"href":"https:\/\/elcafedepipa.com\/index.php\/wp-json\/wp\/v2\/posts"}],"about":[{"href":"https:\/\/elcafedepipa.com\/index.php\/wp-json\/wp\/v2\/types\/post"}],"author":[{"embeddable":true,"href":"https:\/\/elcafedepipa.com\/index.php\/wp-json\/wp\/v2\/users\/2"}],"replies":[{"embeddable":true,"href":"https:\/\/elcafedepipa.com\/index.php\/wp-json\/wp\/v2\/comments?post=9366"}],"version-history":[{"count":0,"href":"https:\/\/elcafedepipa.com\/index.php\/wp-json\/wp\/v2\/posts\/9366\/revisions"}],"wp:featuredmedia":[{"embeddable":true,"href":"https:\/\/elcafedepipa.com\/index.php\/wp-json\/wp\/v2\/media\/9367"}],"wp:attachment":[{"href":"https:\/\/elcafedepipa.com\/index.php\/wp-json\/wp\/v2\/media?parent=9366"}],"wp:term":[{"taxonomy":"category","embeddable":true,"href":"https:\/\/elcafedepipa.com\/index.php\/wp-json\/wp\/v2\/categories?post=9366"},{"taxonomy":"post_tag","embeddable":true,"href":"https:\/\/elcafedepipa.com\/index.php\/wp-json\/wp\/v2\/tags?post=9366"}],"curies":[{"name":"wp","href":"https:\/\/api.w.org\/{rel}","templated":true}]}}