{"id":9356,"date":"2024-12-19T14:05:09","date_gmt":"2024-12-19T13:05:09","guid":{"rendered":"https:\/\/elcafedepipa.com\/?p=9356"},"modified":"2024-12-19T14:05:11","modified_gmt":"2024-12-19T13:05:11","slug":"almenara-celebrara-la-festivitat-de-sant-antoni-abad-del-17-al-19-de-gener","status":"publish","type":"post","link":"https:\/\/elcafedepipa.com\/index.php\/2024\/12\/19\/almenara-celebrara-la-festivitat-de-sant-antoni-abad-del-17-al-19-de-gener\/","title":{"rendered":"Almenara celebrar\u00e0 la festivitat de Sant Antoni Abad del 17 al 19 de gener"},"content":{"rendered":"\n<p>Des del barri de Sant Antoni i amb la col\u00b7laboraci\u00f3 de l&#8217;Ajuntament d&#8217;Almenara, s&#8217;estan ultimant els detalls de la programaci\u00f3 d&#8217;activitats per a celebrar la festivitat de Sant Antoni Abad, les quals es desenvoluparan entre el divendres 17 i el diumenge 19 de gener.<\/p>\n\n\n\n<p>Durant eixe cap de setmana hi haur\u00e0 actes taurins i activitats per als xiquets i xiquetes. El diumenge 19, es dur\u00e0 a terme la tradicional benedicci\u00f3 d&#8217;animals junt amb el repartiment d&#8217;estampes i rotllets, organitzada per l&#8217;Associaci\u00f3 de Jubilats i Pensionistes La Creueta d&#8217;Almenara. Pr\u00f2ximament es donar\u00e0 a con\u00e9ixer l&#8217;agenda completa dels actes.<\/p>\n\n\n\n<p><\/p>\n","protected":false},"excerpt":{"rendered":"<p>Des del barri de Sant Antoni i amb la col\u00b7laboraci\u00f3 de l&#8217;Ajuntament d&#8217;Almenara, s&#8217;estan ultimant els detalls de la programaci\u00f3 d&#8217;activitats per a celebrar la festivitat de Sant Antoni Abad, les quals es desenvoluparan entre el divendres 17 i el diumenge 19 de gener. Durant eixe cap de setmana hi haur\u00e0 actes taurins i activitats &#8230; <a title=\"Almenara celebrar\u00e0 la festivitat de Sant Antoni Abad del 17 al 19 de gener\" class=\"read-more\" href=\"https:\/\/elcafedepipa.com\/index.php\/2024\/12\/19\/almenara-celebrara-la-festivitat-de-sant-antoni-abad-del-17-al-19-de-gener\/\" aria-label=\"M\u00e9s informaci\u00f3 sobre Almenara celebrar\u00e0 la festivitat de Sant Antoni Abad del 17 al 19 de gener\">Read more<\/a><\/p>\n","protected":false},"author":2,"featured_media":9357,"comment_status":"closed","ping_status":"closed","sticky":false,"template":"","format":"standard","meta":{"om_disable_all_campaigns":false,"_monsterinsights_skip_tracking":false,"_monsterinsights_sitenote_active":false,"_monsterinsights_sitenote_note":"","_monsterinsights_sitenote_category":0,"_uf_show_specific_survey":0,"_uf_disable_surveys":false,"footnotes":""},"categories":[5],"tags":[],"class_list":["post-9356","post","type-post","status-publish","format-standard","has-post-thumbnail","hentry","category-almenara"],"_links":{"self":[{"href":"https:\/\/elcafedepipa.com\/index.php\/wp-json\/wp\/v2\/posts\/9356","targetHints":{"allow":["GET"]}}],"collection":[{"href":"https:\/\/elcafedepipa.com\/index.php\/wp-json\/wp\/v2\/posts"}],"about":[{"href":"https:\/\/elcafedepipa.com\/index.php\/wp-json\/wp\/v2\/types\/post"}],"author":[{"embeddable":true,"href":"https:\/\/elcafedepipa.com\/index.php\/wp-json\/wp\/v2\/users\/2"}],"replies":[{"embeddable":true,"href":"https:\/\/elcafedepipa.com\/index.php\/wp-json\/wp\/v2\/comments?post=9356"}],"version-history":[{"count":0,"href":"https:\/\/elcafedepipa.com\/index.php\/wp-json\/wp\/v2\/posts\/9356\/revisions"}],"wp:featuredmedia":[{"embeddable":true,"href":"https:\/\/elcafedepipa.com\/index.php\/wp-json\/wp\/v2\/media\/9357"}],"wp:attachment":[{"href":"https:\/\/elcafedepipa.com\/index.php\/wp-json\/wp\/v2\/media?parent=9356"}],"wp:term":[{"taxonomy":"category","embeddable":true,"href":"https:\/\/elcafedepipa.com\/index.php\/wp-json\/wp\/v2\/categories?post=9356"},{"taxonomy":"post_tag","embeddable":true,"href":"https:\/\/elcafedepipa.com\/index.php\/wp-json\/wp\/v2\/tags?post=9356"}],"curies":[{"name":"wp","href":"https:\/\/api.w.org\/{rel}","templated":true}]}}