{"id":9348,"date":"2024-12-19T13:43:47","date_gmt":"2024-12-19T12:43:47","guid":{"rendered":"https:\/\/elcafedepipa.com\/?p=9348"},"modified":"2024-12-19T13:43:49","modified_gmt":"2024-12-19T12:43:49","slug":"lajuntament-de-la-vall-duixo-millora-la-seguretat-del-ceip-cervantes-amb-la-reparacio-de-la-facana","status":"publish","type":"post","link":"https:\/\/elcafedepipa.com\/index.php\/2024\/12\/19\/lajuntament-de-la-vall-duixo-millora-la-seguretat-del-ceip-cervantes-amb-la-reparacio-de-la-facana\/","title":{"rendered":"L&#8217;Ajuntament de la Vall d&#8217;Uix\u00f3 millora la seguretat del CEIP Cervantes amb la reparaci\u00f3 de la fa\u00e7ana"},"content":{"rendered":"\n<p><strong>La regidoria ha assumit la compet\u00e8ncia auton\u00f2mica per emprendre aquestes obres estructurals i protegir els nens i nenes<\/strong><\/p>\n\n\n\n<p>L&#8217;Ajuntament de la Vall d&#8217;Uix\u00f3 est\u00e0 fent unes obres de reparaci\u00f3 d&#8217;esquerdes i forats a la fa\u00e7ana i passad\u00eds del CEIP Cervantes. La regidora d&#8217;Educaci\u00f3, Maria Cruces, ha assenyalat que aquesta actuaci\u00f3 era \u201cmolt necess\u00e0ria i esperada per la comunitat educativa, perqu\u00e8 ha estat dif\u00edcil dur-la a terme per una difer\u00e8ncia de criteri a les compet\u00e8ncies\u201d.<\/p>\n\n\n\n<p>Com que \u00e9s una q\u00fcesti\u00f3 que afectava l&#8217;estructura de l&#8217;edifici, la compet\u00e8ncia \u00e9s de la Conselleria d&#8217;Educaci\u00f3 de la Generalitat Valenciana. En aquest sentit, Cruces ha assenyalat que \u201cvist que les discrep\u00e0ncies sobre qui havia de fer les obres s&#8217;estaven allargant m\u00e9s d&#8217;un any i no ten\u00edem resposta del Consell, des de l&#8217;Ajuntament hem decidit assumir-les per la seguretat i la protecci\u00f3 dels xiquets i xiquetes\u201d.<\/p>\n\n\n\n<p>Els treballs a l&#8217;exterior ja han finalitzat i els de l&#8217;interior, que afecten unes plaques d&#8217;escaiola al passad\u00eds, es faran els propers dies. La regidora ha destacat que les obres del pati \u201cs&#8217;han fet amb rapidesa per interrompre tan poc com sigui possible l&#8217;activitat normal del col\u00b7legi\u201d. La inversi\u00f3 ha estat de 6.700 euros de fons propis perqu\u00e8 \u201ccompart\u00edem la preocupaci\u00f3 de la comunitat educativa del Cervantes\u201d.<\/p>\n\n\n\n<p>L&#8217;edila ha remarcat que \u201cho comptem per rendir comptes a la ciutadania i que s\u00e0piga en qu\u00e8 gastem els diners p\u00fablics\u201d. A m\u00e9s d&#8217;aquestes obres estructurals, fa uns mesos tamb\u00e9 es van instal\u00b7lar proteccions als pals de ferro del pati per millorar la seguretat \u201cen uns espais que s\u00f3n molt utilitzats per l&#8217;alumnat i han d&#8217;estar en les millors condicions de seguretat\u201d.<\/p>\n\n\n\n<p>A punt de finalitzar el primer trimestre del curs i de comen\u00e7ar les vacances de Nadal, la regidora ha aprofitat per desitjar unes bones festes i remarcar \u201cel comprom\u00eds de continuar treballant el 2025 per una educaci\u00f3 p\u00fablica, de qualitat i en valenci\u00e0\u201d. I en aquest punt ha recordat que tamb\u00e9 han comen\u00e7at les obres de construcci\u00f3 d&#8217;unes rampes al CEIP Sant Vicent, necess\u00e0ries per instal\u00b7lar les aules provisionals i iniciar la rehabilitaci\u00f3 del col\u00b7legi a trav\u00e9s del Pla Edificant.<\/p>\n","protected":false},"excerpt":{"rendered":"<p>La regidoria ha assumit la compet\u00e8ncia auton\u00f2mica per emprendre aquestes obres estructurals i protegir els nens i nenes L&#8217;Ajuntament de la Vall d&#8217;Uix\u00f3 est\u00e0 fent unes obres de reparaci\u00f3 d&#8217;esquerdes i forats a la fa\u00e7ana i passad\u00eds del CEIP Cervantes. La regidora d&#8217;Educaci\u00f3, Maria Cruces, ha assenyalat que aquesta actuaci\u00f3 era \u201cmolt necess\u00e0ria i esperada &#8230; <a title=\"L&#8217;Ajuntament de la Vall d&#8217;Uix\u00f3 millora la seguretat del CEIP Cervantes amb la reparaci\u00f3 de la fa\u00e7ana\" class=\"read-more\" href=\"https:\/\/elcafedepipa.com\/index.php\/2024\/12\/19\/lajuntament-de-la-vall-duixo-millora-la-seguretat-del-ceip-cervantes-amb-la-reparacio-de-la-facana\/\" aria-label=\"M\u00e9s informaci\u00f3 sobre L&#8217;Ajuntament de la Vall d&#8217;Uix\u00f3 millora la seguretat del CEIP Cervantes amb la reparaci\u00f3 de la fa\u00e7ana\">Read more<\/a><\/p>\n","protected":false},"author":2,"featured_media":9349,"comment_status":"closed","ping_status":"closed","sticky":false,"template":"","format":"standard","meta":{"om_disable_all_campaigns":false,"_monsterinsights_skip_tracking":false,"_monsterinsights_sitenote_active":false,"_monsterinsights_sitenote_note":"","_monsterinsights_sitenote_category":0,"_uf_show_specific_survey":0,"_uf_disable_surveys":false,"footnotes":""},"categories":[1],"tags":[],"class_list":["post-9348","post","type-post","status-publish","format-standard","has-post-thumbnail","hentry","category-non-classe"],"_links":{"self":[{"href":"https:\/\/elcafedepipa.com\/index.php\/wp-json\/wp\/v2\/posts\/9348","targetHints":{"allow":["GET"]}}],"collection":[{"href":"https:\/\/elcafedepipa.com\/index.php\/wp-json\/wp\/v2\/posts"}],"about":[{"href":"https:\/\/elcafedepipa.com\/index.php\/wp-json\/wp\/v2\/types\/post"}],"author":[{"embeddable":true,"href":"https:\/\/elcafedepipa.com\/index.php\/wp-json\/wp\/v2\/users\/2"}],"replies":[{"embeddable":true,"href":"https:\/\/elcafedepipa.com\/index.php\/wp-json\/wp\/v2\/comments?post=9348"}],"version-history":[{"count":0,"href":"https:\/\/elcafedepipa.com\/index.php\/wp-json\/wp\/v2\/posts\/9348\/revisions"}],"wp:featuredmedia":[{"embeddable":true,"href":"https:\/\/elcafedepipa.com\/index.php\/wp-json\/wp\/v2\/media\/9349"}],"wp:attachment":[{"href":"https:\/\/elcafedepipa.com\/index.php\/wp-json\/wp\/v2\/media?parent=9348"}],"wp:term":[{"taxonomy":"category","embeddable":true,"href":"https:\/\/elcafedepipa.com\/index.php\/wp-json\/wp\/v2\/categories?post=9348"},{"taxonomy":"post_tag","embeddable":true,"href":"https:\/\/elcafedepipa.com\/index.php\/wp-json\/wp\/v2\/tags?post=9348"}],"curies":[{"name":"wp","href":"https:\/\/api.w.org\/{rel}","templated":true}]}}