{"id":9216,"date":"2024-12-16T14:42:15","date_gmt":"2024-12-16T13:42:15","guid":{"rendered":"https:\/\/elcafedepipa.com\/?p=9216"},"modified":"2024-12-16T14:42:17","modified_gmt":"2024-12-16T13:42:17","slug":"lajuntament-de-la-vall-duixo-repinta-la-carretera-segorbe-i-prepara-la-seua-remodelacio","status":"publish","type":"post","link":"https:\/\/elcafedepipa.com\/index.php\/2024\/12\/16\/lajuntament-de-la-vall-duixo-repinta-la-carretera-segorbe-i-prepara-la-seua-remodelacio\/","title":{"rendered":"L&#8217;Ajuntament de la Vall d&#8217;Uix\u00f3 repinta la carretera Segorbe i prepara la seua remodelaci\u00f3"},"content":{"rendered":"\n<p><strong>El tram entre els carrers 8 i 12 comptar\u00e0 amb un nou carril bici interior per millorar la seguretat<\/strong><\/p>\n\n\n\n<p>L&#8217;Ajuntament de la Vall d&#8217;Uix\u00f3 ha repintat el tram entre els carrers 8 i 12 de la carretera Segorbe i de la zona verda davant de l&#8217;illot del carrer Assumpci\u00f3. L&#8217;objectiu \u00e9s &#8220;preparar aquest vial per a l&#8217;obra de remodelaci\u00f3 del carril bici, que est\u00e0 en proc\u00e9s de licitaci\u00f3&#8221;, tal com ha explicat el regidor de Mobilitat i Policia, Javier Ferreres.<\/p>\n\n\n\n<p>La nova distribuci\u00f3 del carril bici ho far\u00e0 m\u00e9s segur, atenent aix\u00ed una petici\u00f3 que havien fet els usuaris perqu\u00e8 l&#8217;estacionament en bateria resta visibilitat. Tot i que l&#8217;accidentalitat ha estat pr\u00e0cticament nul\u00b7la \u201chem fet un estudi t\u00e8cnic i hem considerat viable fer un nou disseny per la seguretat dels ciclistes\u201d.<\/p>\n\n\n\n<p>Aquesta remodelaci\u00f3 de la carretera Segorbe entre els carrers 8 i 12 tamb\u00e9 evitar\u00e0 confusions dels vehicles, que de vegades \u201ca la sortida de la rotonda del carrer Xac\u00f3 enva\u00efen el carril bici\u201d, ha assenyalat Ferreres. Aix\u00ed, el nou vial ciclista es construir\u00e0 a la zona on actualment s&#8217;aparca en bateria (en sentit Alfondeguilla).<\/p>\n\n\n\n<p>Com que \u00e9s interior, el nou carril bici \u201cser\u00e0 m\u00e9s segur\u201d i l&#8217;estacionament canviar\u00e0 a cord\u00f3 en aquest tram, a excepci\u00f3 d&#8217;entre els carrers 11 i 12 que ser\u00e0 en bateria. D&#8217;altra banda, des del carrer 8 en direcci\u00f3 a Alfondeguilla es mant\u00e9 el carril segregat. A m\u00e9s, entre el carrer 12 i el carrer Asumpci\u00f3, just davant de la zona verda, s&#8217;ha generat un espai de 15 places d&#8217;aparcament que ja es poden fer servir.<\/p>\n\n\n\n<p>Pel regidor, aquesta \u00e9s una \u201cproposta positiva, que d\u00f3na solucions als problemes de tr\u00e0nsit que s&#8217;havien detectat i at\u00e9n les demandes dels ciclistes\u201d. En total, s&#8217;han pintat 822 m de l\u00ednies cont\u00ednues, 423 m de l\u00ednies discont\u00ednues, 241 m\u00b2 de cebrejat i 270 m\u00b2 de passos de vianants. Les properes setmanes s&#8217;adjudicar\u00e0 l&#8217;obra completa.<\/p>\n","protected":false},"excerpt":{"rendered":"<p>El tram entre els carrers 8 i 12 comptar\u00e0 amb un nou carril bici interior per millorar la seguretat L&#8217;Ajuntament de la Vall d&#8217;Uix\u00f3 ha repintat el tram entre els carrers 8 i 12 de la carretera Segorbe i de la zona verda davant de l&#8217;illot del carrer Assumpci\u00f3. L&#8217;objectiu \u00e9s &#8220;preparar aquest vial per &#8230; <a title=\"L&#8217;Ajuntament de la Vall d&#8217;Uix\u00f3 repinta la carretera Segorbe i prepara la seua remodelaci\u00f3\" class=\"read-more\" href=\"https:\/\/elcafedepipa.com\/index.php\/2024\/12\/16\/lajuntament-de-la-vall-duixo-repinta-la-carretera-segorbe-i-prepara-la-seua-remodelacio\/\" aria-label=\"M\u00e9s informaci\u00f3 sobre L&#8217;Ajuntament de la Vall d&#8217;Uix\u00f3 repinta la carretera Segorbe i prepara la seua remodelaci\u00f3\">Read more<\/a><\/p>\n","protected":false},"author":2,"featured_media":9218,"comment_status":"closed","ping_status":"closed","sticky":false,"template":"","format":"standard","meta":{"om_disable_all_campaigns":false,"_monsterinsights_skip_tracking":false,"_monsterinsights_sitenote_active":false,"_monsterinsights_sitenote_note":"","_monsterinsights_sitenote_category":0,"_uf_show_specific_survey":0,"_uf_disable_surveys":false,"footnotes":""},"categories":[1],"tags":[],"class_list":["post-9216","post","type-post","status-publish","format-standard","has-post-thumbnail","hentry","category-non-classe"],"_links":{"self":[{"href":"https:\/\/elcafedepipa.com\/index.php\/wp-json\/wp\/v2\/posts\/9216","targetHints":{"allow":["GET"]}}],"collection":[{"href":"https:\/\/elcafedepipa.com\/index.php\/wp-json\/wp\/v2\/posts"}],"about":[{"href":"https:\/\/elcafedepipa.com\/index.php\/wp-json\/wp\/v2\/types\/post"}],"author":[{"embeddable":true,"href":"https:\/\/elcafedepipa.com\/index.php\/wp-json\/wp\/v2\/users\/2"}],"replies":[{"embeddable":true,"href":"https:\/\/elcafedepipa.com\/index.php\/wp-json\/wp\/v2\/comments?post=9216"}],"version-history":[{"count":0,"href":"https:\/\/elcafedepipa.com\/index.php\/wp-json\/wp\/v2\/posts\/9216\/revisions"}],"wp:featuredmedia":[{"embeddable":true,"href":"https:\/\/elcafedepipa.com\/index.php\/wp-json\/wp\/v2\/media\/9218"}],"wp:attachment":[{"href":"https:\/\/elcafedepipa.com\/index.php\/wp-json\/wp\/v2\/media?parent=9216"}],"wp:term":[{"taxonomy":"category","embeddable":true,"href":"https:\/\/elcafedepipa.com\/index.php\/wp-json\/wp\/v2\/categories?post=9216"},{"taxonomy":"post_tag","embeddable":true,"href":"https:\/\/elcafedepipa.com\/index.php\/wp-json\/wp\/v2\/tags?post=9216"}],"curies":[{"name":"wp","href":"https:\/\/api.w.org\/{rel}","templated":true}]}}