{"id":9163,"date":"2024-12-13T14:47:37","date_gmt":"2024-12-13T13:47:37","guid":{"rendered":"https:\/\/elcafedepipa.com\/?p=9163"},"modified":"2024-12-13T14:47:38","modified_gmt":"2024-12-13T13:47:38","slug":"nules-ha-estat-triat-amb-el-premi-poble-magic-comunitat-valenciana-2025","status":"publish","type":"post","link":"https:\/\/elcafedepipa.com\/index.php\/2024\/12\/13\/nules-ha-estat-triat-amb-el-premi-poble-magic-comunitat-valenciana-2025\/","title":{"rendered":"Nules ha estat triat amb el &#8220;Premi Poble M\u00e0gic Comunitat Valenciana 2025&#8221;"},"content":{"rendered":"\n<p><strong>El guard\u00f3 es lliurar\u00e0 a la Fira Internacional de Turisme FITUR<\/strong><\/p>\n\n\n\n<p>Nules ha estat elegit per a rebre el Premi Poble M\u00e0gic Comunitat Valenciana 2025 per l\u2019Associaci\u00f3 de Pobles M\u00e0gics d\u2019Espanya. Un reconeixement que es lliurar\u00e0 a la Fira Internacional de Turisme (FITUR) el pr\u00f2xim 23 de gener.<\/p>\n\n\n\n<p>Es tracta d\u2019un guard\u00f3 que pret\u00e9n promocionar els territoris premiats a m\u00e9s de tindre\u2019ls com a referent per a la resta de municipis de la Xarxa de Pobles M\u00e0gics. En concret, el que es vol amb aquest premi \u00e9s buscar pobles amb caracter\u00edstiques pr\u00f2pies que els fan \u00fanics per a aix\u00ed potenciar-los per a millorar el seu desenvolupament tur\u00edstic.<\/p>\n\n\n\n<p>Al respecte, l\u2019alcalde de Nules, David Garc\u00eda, comenta que \u201cper a nosaltres \u00e9s un orgull que es reconega el treball fet per valorar els recursos tur\u00edstics i patrimonials del nostre municipi, aquest tipus de reconeixement ens anima m\u00e9s si cal a continuar treballant en la conservaci\u00f3, millora i promoci\u00f3 de Nules\u201d.<\/p>\n\n\n\n<p>L\u2019Associaci\u00f3 dels Pobles M\u00e0gics d\u2019Espanya est\u00e0 formada actualment per 148 municipis i 150 pobles, i \u00e9s la xarxa de municipis de promoci\u00f3 territorial m\u00e9s important d\u2019Espanya. De fet, el programa de Pobles M\u00e0gics t\u00e9 un car\u00e0cter internacional, donat que va n\u00e0ixer a M\u00e8xic i s\u2019est\u00e0 implantant tamb\u00e9 a Col\u00f2mbia, Xile, Equador, Per\u00fa i Portugal, de manera que Pobles M\u00e0gics d\u2019Espanya mant\u00e9 relaci\u00f3 amb molts dels municipis d\u2019aquests pa\u00efsos i s\u00f3n habituals els intercanvis d\u2019experi\u00e8ncies entre ells.<\/p>\n\n\n\n<p>La iniciativa Pobles M\u00e0gics d\u2019Espanya pret\u00e9n ajudar als municipis a posar en valor els seus recursos locals impulsant el Desenvolupament Tur\u00edstic Local. Aix\u00ed doncs, analitza cada territori en base a deu \u00e0rees de treball que inclouen la qualitat de vida, urbanisme, patrimoni, festes i tradicions, gastronomia i productes locals, paisatge, natura i altres intangibles que fan que cada poble sigui \u00fanic i m\u00e0gic.&nbsp; &nbsp;&nbsp;&nbsp;&nbsp;&nbsp;&nbsp;&nbsp;&nbsp;&nbsp;&nbsp;&nbsp;&nbsp;&nbsp;&nbsp;&nbsp;&nbsp;&nbsp;&nbsp;&nbsp;&nbsp;&nbsp;&nbsp;&nbsp;&nbsp;&nbsp;&nbsp;&nbsp;&nbsp;&nbsp;&nbsp;&nbsp;&nbsp;&nbsp;&nbsp;&nbsp;&nbsp;&nbsp;&nbsp;&nbsp;&nbsp;&nbsp;&nbsp;&nbsp;&nbsp;&nbsp;&nbsp;&nbsp;&nbsp;&nbsp;&nbsp;&nbsp;&nbsp;&nbsp;&nbsp;&nbsp;<\/p>\n\n\n\n<p><\/p>\n","protected":false},"excerpt":{"rendered":"<p>El guard\u00f3 es lliurar\u00e0 a la Fira Internacional de Turisme FITUR Nules ha estat elegit per a rebre el Premi Poble M\u00e0gic Comunitat Valenciana 2025 per l\u2019Associaci\u00f3 de Pobles M\u00e0gics d\u2019Espanya. Un reconeixement que es lliurar\u00e0 a la Fira Internacional de Turisme (FITUR) el pr\u00f2xim 23 de gener. Es tracta d\u2019un guard\u00f3 que pret\u00e9n promocionar &#8230; <a title=\"Nules ha estat triat amb el &#8220;Premi Poble M\u00e0gic Comunitat Valenciana 2025&#8221;\" class=\"read-more\" href=\"https:\/\/elcafedepipa.com\/index.php\/2024\/12\/13\/nules-ha-estat-triat-amb-el-premi-poble-magic-comunitat-valenciana-2025\/\" aria-label=\"M\u00e9s informaci\u00f3 sobre Nules ha estat triat amb el &#8220;Premi Poble M\u00e0gic Comunitat Valenciana 2025&#8221;\">Read more<\/a><\/p>\n","protected":false},"author":2,"featured_media":9164,"comment_status":"closed","ping_status":"closed","sticky":false,"template":"","format":"standard","meta":{"om_disable_all_campaigns":false,"_monsterinsights_skip_tracking":false,"_monsterinsights_sitenote_active":false,"_monsterinsights_sitenote_note":"","_monsterinsights_sitenote_category":0,"_uf_show_specific_survey":0,"_uf_disable_surveys":false,"footnotes":""},"categories":[3],"tags":[],"class_list":["post-9163","post","type-post","status-publish","format-standard","has-post-thumbnail","hentry","category-nules"],"_links":{"self":[{"href":"https:\/\/elcafedepipa.com\/index.php\/wp-json\/wp\/v2\/posts\/9163","targetHints":{"allow":["GET"]}}],"collection":[{"href":"https:\/\/elcafedepipa.com\/index.php\/wp-json\/wp\/v2\/posts"}],"about":[{"href":"https:\/\/elcafedepipa.com\/index.php\/wp-json\/wp\/v2\/types\/post"}],"author":[{"embeddable":true,"href":"https:\/\/elcafedepipa.com\/index.php\/wp-json\/wp\/v2\/users\/2"}],"replies":[{"embeddable":true,"href":"https:\/\/elcafedepipa.com\/index.php\/wp-json\/wp\/v2\/comments?post=9163"}],"version-history":[{"count":0,"href":"https:\/\/elcafedepipa.com\/index.php\/wp-json\/wp\/v2\/posts\/9163\/revisions"}],"wp:featuredmedia":[{"embeddable":true,"href":"https:\/\/elcafedepipa.com\/index.php\/wp-json\/wp\/v2\/media\/9164"}],"wp:attachment":[{"href":"https:\/\/elcafedepipa.com\/index.php\/wp-json\/wp\/v2\/media?parent=9163"}],"wp:term":[{"taxonomy":"category","embeddable":true,"href":"https:\/\/elcafedepipa.com\/index.php\/wp-json\/wp\/v2\/categories?post=9163"},{"taxonomy":"post_tag","embeddable":true,"href":"https:\/\/elcafedepipa.com\/index.php\/wp-json\/wp\/v2\/tags?post=9163"}],"curies":[{"name":"wp","href":"https:\/\/api.w.org\/{rel}","templated":true}]}}