{"id":9127,"date":"2024-12-13T09:00:00","date_gmt":"2024-12-13T08:00:00","guid":{"rendered":"https:\/\/elcafedepipa.com\/?p=9127"},"modified":"2024-12-12T22:14:30","modified_gmt":"2024-12-12T21:14:30","slug":"moncofa-reviu-la-seua-historia-i-tradicio-a-traves-del-llibre-festes-del-meu-poble","status":"publish","type":"post","link":"https:\/\/elcafedepipa.com\/index.php\/2024\/12\/13\/moncofa-reviu-la-seua-historia-i-tradicio-a-traves-del-llibre-festes-del-meu-poble\/","title":{"rendered":"Moncofa reviu la seua hist\u00f2ria i tradici\u00f3 a trav\u00e9s del llibre \u2018Festes del meu poble\u2019"},"content":{"rendered":"\n<p><strong>L\u2019Ajuntament ha publicat recentment l\u2019obra fotogr\u00e0fica del periodista Miguel \u00c1ngel S\u00e1nchez, que es presentar\u00e0 hui divendres a la Casa de la Cultura<\/strong><\/p>\n\n\n\n<p>Esta nova obra ser\u00e0 presentada en un acte que tindr\u00e0 lloc en el sal\u00f3 actes de la Casa de la Cultura, a les 19.00 hores, i en el qual estar\u00e0 present el mateix autor, que exercix com a corresponsal de Moncofa en el peri\u00f2dic <em>Mediterr\u00e1neo<\/em>. En finalitzar l&#8217;acte, el periodista firmar\u00e0 llibres, que tamb\u00e9 es podran adquirir en eixe moment.<\/p>\n\n\n\n<p>Es tracta del segon llibre que publica Miguel \u00c1ngel S\u00e1nchez, despr\u00e9s del llan\u00e7ament d&#8217;<em>Hist\u00f2ries del meu poble<\/em>, un compendi de cr\u00f2niques sobre la hist\u00f2ria de Moncofa dels \u00faltims 25 anys. Amb la nova obra, S\u00e1nchez mostra al p\u00fablic una xicoteta part del seu treball com a corresponsal i, m\u00e9s concretament, de la seua faceta de fot\u00f2graf.<\/p>\n\n\n\n<p>La regidora de Cultura, Ilenia Begnozzi, ha assenyalat que \u201ceste equip de govern continua amb l&#8217;aposta dels \u00faltims anys de publicar llibres d&#8217;autors locals, posant en valor la nostra hist\u00f2ria m\u00e9s recent perqu\u00e8 esta no caiga en l&#8217;oblit\u201d. En este sentit, la regidora ha destacat la labor realitzada per S\u00e1nchez al llarg dels seus 30 anys de traject\u00f2ria professional que han fet possible este recopilatori d&#8217;imatges que \u201cens transporten al nostre passat immediat com a poble\u201d.<\/p>\n\n\n\n<p><\/p>\n\n\n\n<p><\/p>\n\n\n\n<p><\/p>\n","protected":false},"excerpt":{"rendered":"<p>L\u2019Ajuntament ha publicat recentment l\u2019obra fotogr\u00e0fica del periodista Miguel \u00c1ngel S\u00e1nchez, que es presentar\u00e0 hui divendres a la Casa de la Cultura Esta nova obra ser\u00e0 presentada en un acte que tindr\u00e0 lloc en el sal\u00f3 actes de la Casa de la Cultura, a les 19.00 hores, i en el qual estar\u00e0 present el mateix &#8230; <a title=\"Moncofa reviu la seua hist\u00f2ria i tradici\u00f3 a trav\u00e9s del llibre \u2018Festes del meu poble\u2019\" class=\"read-more\" href=\"https:\/\/elcafedepipa.com\/index.php\/2024\/12\/13\/moncofa-reviu-la-seua-historia-i-tradicio-a-traves-del-llibre-festes-del-meu-poble\/\" aria-label=\"M\u00e9s informaci\u00f3 sobre Moncofa reviu la seua hist\u00f2ria i tradici\u00f3 a trav\u00e9s del llibre \u2018Festes del meu poble\u2019\">Read more<\/a><\/p>\n","protected":false},"author":2,"featured_media":9128,"comment_status":"closed","ping_status":"closed","sticky":false,"template":"","format":"standard","meta":{"om_disable_all_campaigns":false,"_monsterinsights_skip_tracking":false,"_monsterinsights_sitenote_active":false,"_monsterinsights_sitenote_note":"","_monsterinsights_sitenote_category":0,"_uf_show_specific_survey":0,"_uf_disable_surveys":false,"footnotes":""},"categories":[4],"tags":[],"class_list":["post-9127","post","type-post","status-publish","format-standard","has-post-thumbnail","hentry","category-moncofa"],"_links":{"self":[{"href":"https:\/\/elcafedepipa.com\/index.php\/wp-json\/wp\/v2\/posts\/9127","targetHints":{"allow":["GET"]}}],"collection":[{"href":"https:\/\/elcafedepipa.com\/index.php\/wp-json\/wp\/v2\/posts"}],"about":[{"href":"https:\/\/elcafedepipa.com\/index.php\/wp-json\/wp\/v2\/types\/post"}],"author":[{"embeddable":true,"href":"https:\/\/elcafedepipa.com\/index.php\/wp-json\/wp\/v2\/users\/2"}],"replies":[{"embeddable":true,"href":"https:\/\/elcafedepipa.com\/index.php\/wp-json\/wp\/v2\/comments?post=9127"}],"version-history":[{"count":0,"href":"https:\/\/elcafedepipa.com\/index.php\/wp-json\/wp\/v2\/posts\/9127\/revisions"}],"wp:featuredmedia":[{"embeddable":true,"href":"https:\/\/elcafedepipa.com\/index.php\/wp-json\/wp\/v2\/media\/9128"}],"wp:attachment":[{"href":"https:\/\/elcafedepipa.com\/index.php\/wp-json\/wp\/v2\/media?parent=9127"}],"wp:term":[{"taxonomy":"category","embeddable":true,"href":"https:\/\/elcafedepipa.com\/index.php\/wp-json\/wp\/v2\/categories?post=9127"},{"taxonomy":"post_tag","embeddable":true,"href":"https:\/\/elcafedepipa.com\/index.php\/wp-json\/wp\/v2\/tags?post=9127"}],"curies":[{"name":"wp","href":"https:\/\/api.w.org\/{rel}","templated":true}]}}