{"id":9070,"date":"2024-12-11T23:49:00","date_gmt":"2024-12-11T22:49:00","guid":{"rendered":"https:\/\/elcafedepipa.com\/?p=9070"},"modified":"2024-12-11T23:57:22","modified_gmt":"2024-12-11T22:57:22","slug":"la-ude-canvia-el-fred-del-mangrinan-per-la-calor-del-play-off-despres-de-guanyar-2-0-al-soneja","status":"publish","type":"post","link":"https:\/\/elcafedepipa.com\/index.php\/2024\/12\/11\/la-ude-canvia-el-fred-del-mangrinan-per-la-calor-del-play-off-despres-de-guanyar-2-0-al-soneja\/","title":{"rendered":"La UDE canvia el fred del Mangri\u00f1\u00e1n per la calor del &#8216;play off&#8217; despr\u00e9s de guanyar 2-0 al Soneja"},"content":{"rendered":"\n<p><strong>Megina (9&#8242;) de penal i Mario Ferrer (81&#8242;) els golejadors<\/strong><\/p>\n\n\n\n<p>No va fallar l&#8217;afici\u00f3 en un partit jugat entre setmana a 9 graus de temperatura en el Jos\u00e9 Mangri\u00f1\u00e1n, i no va fallar la UDE que d&#8217;entrada li va dir al Soneja que en la Vernitxa son els de blanc-i-blau els que manen. Megina tirava al travesser als 8 minuts, i sense temps per a les lamentacions, un minut despr\u00e9s els locals disposaven d&#8217;un penal a favor que el mateix Megina no va desperdiciar.<\/p>\n\n\n\n<p>No havia entrat encara joc el Soneja quan la UDE semblava que anava a controlar un partit m\u00e9s f\u00e0cil del que es preve\u00efa, per\u00f2 en esta categoria la igualtat \u00e9s m\u00e0xima. Sense massa patiments, els de Descalzo van finiquitar una primera part tranquila. Per\u00f2 a la represa el Soneja volia capgirar la situaci\u00f3, i tot i que tampoc va ficar en massa perill als locals, portaven el &#8216;tempo&#8217; del partit. <\/p>\n\n\n\n<p>El mister de Manises no va tardar massa en fer canvis, i la UDE aprofitava a la contra en cada ocasi\u00f3 que podia. Mario Ferrer va firma un gol de bella factura en el minutd 81 que donava la tranquilitat definitiva i deixava els tres punts en casa que aupen als locals a la cinquena possici\u00f3 i dormen en llocs de promoci\u00f3.<\/p>\n\n\n\n<p>S&#8217;ho mereixia una entregada i fidel afici\u00f3, s&#8217;ho mereixia l&#8217;equip i s&#8217;ho mereixia Ximet. Tres punts que valen el seu pes en or i que suposen una injecci\u00f3 de moral per a seguir lluitant setmana darrere setmana per assentar-se en la categoria.<\/p>\n\n\n\n<figure class=\"wp-block-image size-large\"><img fetchpriority=\"high\" decoding=\"async\" width=\"1024\" height=\"576\" src=\"https:\/\/elcafedepipa.com\/wp-content\/uploads\/2024\/12\/aderito-1024x576.jpg\" alt=\"\" class=\"wp-image-9073\" srcset=\"https:\/\/elcafedepipa.com\/wp-content\/uploads\/2024\/12\/aderito-1024x576.jpg 1024w, https:\/\/elcafedepipa.com\/wp-content\/uploads\/2024\/12\/aderito-300x169.jpg 300w, https:\/\/elcafedepipa.com\/wp-content\/uploads\/2024\/12\/aderito-768x432.jpg 768w, https:\/\/elcafedepipa.com\/wp-content\/uploads\/2024\/12\/aderito-1536x864.jpg 1536w, https:\/\/elcafedepipa.com\/wp-content\/uploads\/2024\/12\/aderito.jpg 1600w\" sizes=\"(max-width: 1024px) 100vw, 1024px\" \/><\/figure>\n\n\n\n<figure class=\"wp-block-image size-large\"><img decoding=\"async\" width=\"1024\" height=\"576\" src=\"https:\/\/elcafedepipa.com\/wp-content\/uploads\/2024\/12\/final-1024x576.jpg\" alt=\"\" class=\"wp-image-9075\" srcset=\"https:\/\/elcafedepipa.com\/wp-content\/uploads\/2024\/12\/final-1024x576.jpg 1024w, https:\/\/elcafedepipa.com\/wp-content\/uploads\/2024\/12\/final-300x169.jpg 300w, https:\/\/elcafedepipa.com\/wp-content\/uploads\/2024\/12\/final-768x432.jpg 768w, https:\/\/elcafedepipa.com\/wp-content\/uploads\/2024\/12\/final-1536x864.jpg 1536w, https:\/\/elcafedepipa.com\/wp-content\/uploads\/2024\/12\/final.jpg 1600w\" sizes=\"(max-width: 1024px) 100vw, 1024px\" \/><\/figure>\n","protected":false},"excerpt":{"rendered":"<p>Megina (9&#8242;) de penal i Mario Ferrer (81&#8242;) els golejadors No va fallar l&#8217;afici\u00f3 en un partit jugat entre setmana a 9 graus de temperatura en el Jos\u00e9 Mangri\u00f1\u00e1n, i no va fallar la UDE que d&#8217;entrada li va dir al Soneja que en la Vernitxa son els de blanc-i-blau els que manen. Megina tirava &#8230; <a title=\"La UDE canvia el fred del Mangri\u00f1\u00e1n per la calor del &#8216;play off&#8217; despr\u00e9s de guanyar 2-0 al Soneja\" class=\"read-more\" href=\"https:\/\/elcafedepipa.com\/index.php\/2024\/12\/11\/la-ude-canvia-el-fred-del-mangrinan-per-la-calor-del-play-off-despres-de-guanyar-2-0-al-soneja\/\" aria-label=\"M\u00e9s informaci\u00f3 sobre La UDE canvia el fred del Mangri\u00f1\u00e1n per la calor del &#8216;play off&#8217; despr\u00e9s de guanyar 2-0 al Soneja\">Read more<\/a><\/p>\n","protected":false},"author":2,"featured_media":9071,"comment_status":"closed","ping_status":"closed","sticky":false,"template":"","format":"standard","meta":{"om_disable_all_campaigns":false,"_monsterinsights_skip_tracking":false,"_monsterinsights_sitenote_active":false,"_monsterinsights_sitenote_note":"","_monsterinsights_sitenote_category":0,"_uf_show_specific_survey":0,"_uf_disable_surveys":false,"footnotes":""},"categories":[1],"tags":[],"class_list":["post-9070","post","type-post","status-publish","format-standard","has-post-thumbnail","hentry","category-non-classe"],"_links":{"self":[{"href":"https:\/\/elcafedepipa.com\/index.php\/wp-json\/wp\/v2\/posts\/9070","targetHints":{"allow":["GET"]}}],"collection":[{"href":"https:\/\/elcafedepipa.com\/index.php\/wp-json\/wp\/v2\/posts"}],"about":[{"href":"https:\/\/elcafedepipa.com\/index.php\/wp-json\/wp\/v2\/types\/post"}],"author":[{"embeddable":true,"href":"https:\/\/elcafedepipa.com\/index.php\/wp-json\/wp\/v2\/users\/2"}],"replies":[{"embeddable":true,"href":"https:\/\/elcafedepipa.com\/index.php\/wp-json\/wp\/v2\/comments?post=9070"}],"version-history":[{"count":0,"href":"https:\/\/elcafedepipa.com\/index.php\/wp-json\/wp\/v2\/posts\/9070\/revisions"}],"wp:featuredmedia":[{"embeddable":true,"href":"https:\/\/elcafedepipa.com\/index.php\/wp-json\/wp\/v2\/media\/9071"}],"wp:attachment":[{"href":"https:\/\/elcafedepipa.com\/index.php\/wp-json\/wp\/v2\/media?parent=9070"}],"wp:term":[{"taxonomy":"category","embeddable":true,"href":"https:\/\/elcafedepipa.com\/index.php\/wp-json\/wp\/v2\/categories?post=9070"},{"taxonomy":"post_tag","embeddable":true,"href":"https:\/\/elcafedepipa.com\/index.php\/wp-json\/wp\/v2\/tags?post=9070"}],"curies":[{"name":"wp","href":"https:\/\/api.w.org\/{rel}","templated":true}]}}