{"id":9024,"date":"2024-12-10T15:30:36","date_gmt":"2024-12-10T14:30:36","guid":{"rendered":"https:\/\/elcafedepipa.com\/?p=9024"},"modified":"2024-12-10T15:30:37","modified_gmt":"2024-12-10T14:30:37","slug":"la-diputacio-de-castello-conjuga-per-nadal-gastronomia-musica-tallers-i-jocs","status":"publish","type":"post","link":"https:\/\/elcafedepipa.com\/index.php\/2024\/12\/10\/la-diputacio-de-castello-conjuga-per-nadal-gastronomia-musica-tallers-i-jocs\/","title":{"rendered":"La Diputaci\u00f3 de Castell\u00f3 conjuga per Nadal gastronomia, m\u00fasica, tallers i jocs"},"content":{"rendered":"\n<p>Sota el t\u00edtol \u2018Viu el Nadal amb la Diputaci\u00f3\u2019, la instituci\u00f3 provincial conjumina la programaci\u00f3 preparada per a estes dates nadalenques i que contempla la V Fira de Nadal Castell\u00f3 Ruta de Sabor, Nadales a la prov\u00edncia de Castell\u00f3, circ, tallers, teatre, el concurs de postals nadalenques i el mercat solidari. \u201cApostem perqu\u00e8 en estes dates entranyables s&#8217;assaborisca el millor sabor a Castell\u00f3, sabor de proximitat, i es visca i se senta l&#8217;esperit nadalenc en diferents racons de la nostra prov\u00edncia\u201d, ha expressat la presidenta de la Diputaci\u00f3, Marta Barrachina.<\/p>\n\n\n\n<p>La programaci\u00f3 preparada conjumina les diferents \u00e0rees implicades com a Turisme, Cultural, Educaci\u00f3 i Benestar Social.<\/p>\n\n\n\n<p><strong>V Fira de Nadal Castell\u00f3 Ruta de Sabor<\/strong><\/p>\n\n\n\n<p>Amb l&#8217;objectiu posat a convertir-se en el millor aparador gastron\u00f2mic de la prov\u00edncia, la pla\u00e7a Les Aules congregar\u00e0 els millors sabors de la prov\u00edncia de Castell\u00f3 amb motiu de la V Fira de Nadal Castell\u00f3 Ruta de Sabor. La quinta edici\u00f3 se celebrar\u00e0 del divendres 13 al diumenge 15 de desembre, \u201ctres dies en qu\u00e8 els assistents podran descobrir els sabors m\u00e9s t\u00edpics d&#8217;esta \u00e8poca a la prov\u00edncia amb producte de proximitat i de gran qualitat com l&#8217;oli d&#8217;oliva, la t\u00f2fona, licors, melmelades, formatges, embotits, cerveses o xocolate\u201d, ha comentat la dirigent provincial.<\/p>\n\n\n\n<p>L&#8217;horari de l&#8217;aparador gastron\u00f2mic ser\u00e0 el divendres 13 i el dissabte 14 de desembre de 10.00 a 14.00 i de 15.00 a 22.00 hores, mentres que el diumenge 15 de desembre l&#8217;horari \u00e9s de 10.00 a 15.00 hores. M\u00e9s d&#8217;una vintena d&#8217;empreses es donaran cita en un espai que comptara amb la presentaci\u00f3 de productes i demostracions gastron\u00f2miques entre les quals destaca el showcooking que oferir\u00e0 el Xef Bosquet el divendres 13 a les 18.00 hores.<\/p>\n\n\n\n<p>A m\u00e9s de la V Fira de Nadal Castell\u00f3 Ruta de Sabor, la instituci\u00f3 provincial impulsa a partir d&#8217;esta setmana una campanya a trav\u00e9s de les xarxes socials de la Diputaci\u00f3 amb l&#8217;objectiu de promocionar Castell\u00f3 Ruta de Sabor. La iniciativa comen\u00e7a amb un passeig per la web castellorutadesabor.es per a familiaritzar-se amb totes les possibilitats que oferix la mateixa. Aix\u00ed mateix, la campanya vol implicar al m\u00e0xim d&#8217;agents i per aix\u00f2 est\u00e0 prevista la participaci\u00f3 de ve\u00efns, productors, cuiners i influencer.<\/p>\n\n\n\n<p><strong>Nadales a la prov\u00edncia de Castell\u00f3<\/strong><\/p>\n\n\n\n<p>La Diputaci\u00f3 de Castell\u00f3 tamb\u00e9 refor\u00e7a la seua aposta per la m\u00fasica nadalenca amb el cicle de concerts corals \u2018Nadales a la prov\u00edncia de Castell\u00f3\u2019 que es desenvolupar\u00e0 en diferents municipis de la prov\u00edncia. Este cicle de concerts ens portar\u00e0 a un Viatge per Nadal amb nadales tradicionals de diverses parts del m\u00f3n. El repertori inclour\u00e0 peces populars com l&#8217;alemanya \u201cO Tannenbaum\u201d, l&#8217;espanyola \u201cEl tamborinero\u201d, i moltes m\u00e9s, representant pa\u00efsos com Anglaterra, It\u00e0lia, Alemanya, Fran\u00e7a, Ucra\u00efna, els Estats Units, el Brasil, Vene\u00e7uela i Espanya (amb nadales del Pa\u00eds Basc, Castella-la Manxa i Comunitat Valenciana). A m\u00e9s, s&#8217;interpretar\u00e0 el cl\u00e0ssic \u201cNoche de Paz\u201d en la seua versi\u00f3 original. Els concerts estaran a c\u00e0rrec del cor mixt \u201cM\u00fasica Viva\u201d amb 16 components i una actriu que compartir\u00e0 els seus relats sobre els viatges i experi\u00e8ncies nadalenques. L&#8217;actuaci\u00f3 estar\u00e0 acompanyada de percussi\u00f3 i piano. La programaci\u00f3 dels concerts comen\u00e7ar\u00e0 el diumenge 15 a l&#8217;Esgl\u00e9sia de la Sagrada Fam\u00edlia de la Vilavella (18.30 hores); el dilluns 23 de desembre, a les 18.30 hores, ser\u00e0 a l&#8217;Hospital Provincial, mentres que el 27 de desembre, a les 19.00 hores la programaci\u00f3 es traslladar\u00e0 a la Llar del Jubilat d&#8217;Alcal\u00e0 de Xivert. El 28 de desembre a les 17.00 hores ser\u00e0 a l&#8217;Esgl\u00e9sia de Santa Ana d&#8217;Argelita i el 29 de desembre hi haur\u00e0 dos sessions: a les 12.30 hores a l&#8217;Auditori municipal de Benlloc, i a les 18.00 hores a l&#8217;Esgl\u00e9sia de l&#8217;Asunci\u00f3n de Mar\u00eda de Sorita. Ja al gener la programaci\u00f3 continuar\u00e0 el dia 3 a les 19.00 hores a l&#8217;Esgl\u00e9sia de Sant Mateu de Figueroles i el 4 de gener haur\u00e0 de nou doble sessi\u00f3: a les 18.00 hores en el Centre sociocultural El*Soc\u00f3s de J\u00e9rica, i a les 22.00 hores a l&#8217;Esgl\u00e9sia del Salvador de Culla. Com ha indicat el diputat de Cultura, Alejandro Clausell, \u201cels concerts estan distribu\u00efts per les huit comarques de la prov\u00edncia m\u00e9s un especial i solidari que s&#8217;interpretar\u00e0 a l&#8217;Hospital Provincial\u201d.<\/p>\n\n\n\n<p><strong>Activitats a l\u2019 Espai Cultural Obert Les Aules<\/strong><\/p>\n\n\n\n<p>L\u2019Espai Cultural Obert Les Aules es prepara per a oferir tres activitats nadalenques el mes de desembre i gener, pensades per a gaudir en fam\u00edlia. Estes activitats es duran a terme al Pati de l\u2019Espai Cultural Obert Les Aules, \u201camb l&#8217;objectiu d&#8217;enriquir l&#8217;oferta cultural de la capital, fomentant el gaudi en un entorn l\u00fadic i educatiu\u201d, ha indicat el diputat Alejandro Clausell.<\/p>\n\n\n\n<p>Esta programaci\u00f3 infantil i familiar de Nadal arrancar\u00e0 el dissabte 21 de desembre (12.00 hores), amb \u2018Sabates en l\u2019aire\u2019 a c\u00e0rrec de la companyia Xa! Teatre. El mat\u00ed del divendres 27 (de 10.30 a 14.00 hores) s&#8217;instal\u00b7laran inflables en la pla\u00e7a Les Aules per al gaudi de xiquets i xiquetes els qui, durant l&#8217;esdeveniment, podran participar en tallers de manualitats, deixar volar la seua imaginaci\u00f3 amb pintacares i globofl\u00e8xia al costat de la companyia Despr\u00e9s del Cole.<\/p>\n\n\n\n<p>La programaci\u00f3 es completa el migdia del primer divendres de 2025, dia 3 de gener (12.00 hores), es podr\u00e0 gaudir amb el c\u00e8lebre conte \u2018El flautista de Hamelin\u2019, en versi\u00f3 de Floc Teatre. Tots els espectacles s\u00f3n d&#8217;acc\u00e9s gratu\u00eft.<\/p>\n\n\n\n<p><strong>Concurs postals de Nadal \u2018El Nadal Que Tu Vols\u2019<\/strong><\/p>\n\n\n\n<p>Dins de la programaci\u00f3, un any m\u00e9s, la Diputaci\u00f3 de Castell\u00f3, a trav\u00e9s de l&#8217;\u00e0rea de Benestar Social, ha convocat el Concurs de Postals de Nadal, perqu\u00e8 l&#8217;alumnat dels centres educatius dels 135 municipis expressen, a trav\u00e9s del dibuix, la seua manera de celebrar Nadal. Poden participar els alumnes d&#8217;educaci\u00f3 prim\u00e0ria i educaci\u00f3 especial a trav\u00e9s dels seus centres educatius. Com ha indicat la diputada de l&#8217;\u00e0rea, Marisa Torl\u00e0, amb el concurs \u2018El Nadal Que Tu Vols\u2019, \u201cbusquem involucrar en tot l&#8217;alumnat en una de les celebracions m\u00e9s importants i familiars de l&#8217;any, fent-lo, a m\u00e9s amb una iniciativa que potencia el desenvolupament de la seua creativitat i imaginaci\u00f3\u201d. El termini m\u00e0xim per a presentar les sol\u00b7licituds \u00e9s 17 de desembre a les 14.00 hores i el lliurament de premis tindr\u00e0 lloc el dijous 19 de desembre a les 11.00 hores en el Sal\u00f3 de Recepcions.<\/p>\n\n\n\n<p><strong>Mercat nadalenc<\/strong><\/p>\n\n\n\n<p>La programaci\u00f3 es completa amb el tradicional mercat solidari nadalenc en el qual els alumnes del PFCB (Programes Formatius de Qualificaci\u00f3 B\u00e0sica) i CEE (Centre d&#8217;Educaci\u00f3 Especial) Penyeta Roja mostraran les creacions nadalenques que han elaborat per a l&#8217;ocasi\u00f3. \u201c\u00c9s una bona mostra de l&#8217;esfor\u00e7 i el gran treball que realitzen els alumnes i les alumnes, aix\u00ed com de la gran labor que realitza el professorat perqu\u00e8 l&#8217;alumnat confeccione amb la m\u00e0xima il\u00b7lusi\u00f3 tot tipus de detalls nadalencs\u201d, ha indicat la diputada de Penyeta Roja, Mar\u00eda Tormo. El mercat s&#8217;instal\u00b7lar\u00e0 en el Espai Cultural Obert Les Aules i el seu horari ser\u00e0 dimecres 11 de desembre de 10.00 a 13.30 hores i de 16.30 a 19.30 hores i dijous 12 i divendres 13 de desembre de 10.00 a 13.30 hores.<\/p>\n","protected":false},"excerpt":{"rendered":"<p>Sota el t\u00edtol \u2018Viu el Nadal amb la Diputaci\u00f3\u2019, la instituci\u00f3 provincial conjumina la programaci\u00f3 preparada per a estes dates nadalenques i que contempla la V Fira de Nadal Castell\u00f3 Ruta de Sabor, Nadales a la prov\u00edncia de Castell\u00f3, circ, tallers, teatre, el concurs de postals nadalenques i el mercat solidari. \u201cApostem perqu\u00e8 en estes &#8230; <a title=\"La Diputaci\u00f3 de Castell\u00f3 conjuga per Nadal gastronomia, m\u00fasica, tallers i jocs\" class=\"read-more\" href=\"https:\/\/elcafedepipa.com\/index.php\/2024\/12\/10\/la-diputacio-de-castello-conjuga-per-nadal-gastronomia-musica-tallers-i-jocs\/\" aria-label=\"M\u00e9s informaci\u00f3 sobre La Diputaci\u00f3 de Castell\u00f3 conjuga per Nadal gastronomia, m\u00fasica, tallers i jocs\">Read more<\/a><\/p>\n","protected":false},"author":2,"featured_media":9025,"comment_status":"closed","ping_status":"closed","sticky":false,"template":"","format":"standard","meta":{"om_disable_all_campaigns":false,"_monsterinsights_skip_tracking":false,"_monsterinsights_sitenote_active":false,"_monsterinsights_sitenote_note":"","_monsterinsights_sitenote_category":0,"_uf_show_specific_survey":0,"_uf_disable_surveys":false,"footnotes":""},"categories":[10],"tags":[],"class_list":["post-9024","post","type-post","status-publish","format-standard","has-post-thumbnail","hentry","category-provinciadecastello"],"_links":{"self":[{"href":"https:\/\/elcafedepipa.com\/index.php\/wp-json\/wp\/v2\/posts\/9024","targetHints":{"allow":["GET"]}}],"collection":[{"href":"https:\/\/elcafedepipa.com\/index.php\/wp-json\/wp\/v2\/posts"}],"about":[{"href":"https:\/\/elcafedepipa.com\/index.php\/wp-json\/wp\/v2\/types\/post"}],"author":[{"embeddable":true,"href":"https:\/\/elcafedepipa.com\/index.php\/wp-json\/wp\/v2\/users\/2"}],"replies":[{"embeddable":true,"href":"https:\/\/elcafedepipa.com\/index.php\/wp-json\/wp\/v2\/comments?post=9024"}],"version-history":[{"count":0,"href":"https:\/\/elcafedepipa.com\/index.php\/wp-json\/wp\/v2\/posts\/9024\/revisions"}],"wp:featuredmedia":[{"embeddable":true,"href":"https:\/\/elcafedepipa.com\/index.php\/wp-json\/wp\/v2\/media\/9025"}],"wp:attachment":[{"href":"https:\/\/elcafedepipa.com\/index.php\/wp-json\/wp\/v2\/media?parent=9024"}],"wp:term":[{"taxonomy":"category","embeddable":true,"href":"https:\/\/elcafedepipa.com\/index.php\/wp-json\/wp\/v2\/categories?post=9024"},{"taxonomy":"post_tag","embeddable":true,"href":"https:\/\/elcafedepipa.com\/index.php\/wp-json\/wp\/v2\/tags?post=9024"}],"curies":[{"name":"wp","href":"https:\/\/api.w.org\/{rel}","templated":true}]}}