{"id":8968,"date":"2024-12-09T13:47:01","date_gmt":"2024-12-09T12:47:01","guid":{"rendered":"https:\/\/elcafedepipa.com\/?p=8968"},"modified":"2024-12-09T13:47:02","modified_gmt":"2024-12-09T12:47:02","slug":"artana-convida-a-descobrir-els-seus-encants-turistics-i-capturar-los-en-lactivitat-per-a-totes-les-edats-dibuixem-artana","status":"publish","type":"post","link":"https:\/\/elcafedepipa.com\/index.php\/2024\/12\/09\/artana-convida-a-descobrir-els-seus-encants-turistics-i-capturar-los-en-lactivitat-per-a-totes-les-edats-dibuixem-artana\/","title":{"rendered":"\u00adArtana convida a descobrir els seus encants tur\u00edstics i capturar-los en l&#8217;activitat per a totes les edats \u201cDibuixem Artana\u201d"},"content":{"rendered":"\n<p><strong>Esta activitat gratu\u00efta se celebrar\u00e0 el 15 de desembre i va dirigida a tota mena de dibuixants: experts, aficionats o novells, que vulguen plasmar sobre el paper els carrers i paisatges del municipi<\/strong><\/p>\n\n\n\n<p>Castell\u00f3 Sud, la marca tur\u00edstica del Pacte Territorial per l&#8217;Ocupaci\u00f3 de la Plana Baixa, ha organitzat per al 15 de desembre, en col\u00b7laboraci\u00f3 amb l&#8217;Ajuntament d&#8217;Artana i el grup Urban Sketchers Castell\u00f3, l&#8217;activitat \u201cDibuixem Artana\u201d en la qual a trav\u00e9s del dibuix es promocionar\u00e0 i donar\u00e0 a con\u00e9ixer el patrimoni del municipi. Este esdeveniment, que arriba a la seua tercera edici\u00f3 despr\u00e9s de celebrar-se a la Vilavella i Almenara, es consolida com una oportunitat creativa i original de promocionar els recursos tur\u00edstics de la Plana Baixa.<\/p>\n\n\n\n<p>La tercera edici\u00f3 d&#8217;esta iniciativa proposa a les persones participants dibuixar el centre hist\u00f2ric d&#8217;Artana amb el seu tra\u00e7at musulm\u00e0 d&#8217;estrets carrerons o les vistes panor\u00e0miques de boscos de pins i sureres que oferixen el Calvari o el Castell del municipi.<\/p>\n\n\n\n<p><strong>Una activitat per a tots els perfils i edats<\/strong><\/p>\n\n\n\n<p>\u201cDibuixem Artana\u201d obri la participaci\u00f3 al p\u00fablic en general, sense tindre en compte l&#8217;edat, l&#8217;experi\u00e8ncia o la qualitat art\u00edstica. Este esdeveniment, que se celebrar\u00e0 el 15 de desembre, comen\u00e7ar\u00e0 a les 10.30 hores en el Tourist Info Artana (Av Serra Espad\u00e0 114) i es preveu que finalitze sobre les 13 hores. Per a poder assistir \u00e9s necessari inscriure&#8217;s <a href=\"https:\/\/docs.google.com\/forms\/d\/e\/1FAIpQLSepajMlzQaH9pIm9v3LV8GBmFr80UiIl0u7J0UBuMLWYMHXLA\/viewform\">en este link<\/a> i portar material propi per a poder dibuixar.<\/p>\n\n\n\n<p>El Pacte Territorial de la Plana Baixa continua apostant per esta iniciativa a causa del bon acolliment i alta participaci\u00f3 de les anteriors edicions, en les quals a m\u00e9s d&#8217;oferir una alternativa d&#8217;oci, es posa en relleu el patrimoni arquitect\u00f2nic de les localitats en les quals es desenrotlla. En esta ocasi\u00f3, i gr\u00e0cies a la quantitat d&#8217;atractius racons amb els quals compta Artana, els participants gaudiran i coneixeran el territori de Castell\u00f3 Sud, inspirant-se en la seua bellesa.<\/p>\n","protected":false},"excerpt":{"rendered":"<p>Esta activitat gratu\u00efta se celebrar\u00e0 el 15 de desembre i va dirigida a tota mena de dibuixants: experts, aficionats o novells, que vulguen plasmar sobre el paper els carrers i paisatges del municipi Castell\u00f3 Sud, la marca tur\u00edstica del Pacte Territorial per l&#8217;Ocupaci\u00f3 de la Plana Baixa, ha organitzat per al 15 de desembre, en &#8230; <a title=\"\u00adArtana convida a descobrir els seus encants tur\u00edstics i capturar-los en l&#8217;activitat per a totes les edats \u201cDibuixem Artana\u201d\" class=\"read-more\" href=\"https:\/\/elcafedepipa.com\/index.php\/2024\/12\/09\/artana-convida-a-descobrir-els-seus-encants-turistics-i-capturar-los-en-lactivitat-per-a-totes-les-edats-dibuixem-artana\/\" aria-label=\"M\u00e9s informaci\u00f3 sobre \u00adArtana convida a descobrir els seus encants tur\u00edstics i capturar-los en l&#8217;activitat per a totes les edats \u201cDibuixem Artana\u201d\">Read more<\/a><\/p>\n","protected":false},"author":2,"featured_media":8969,"comment_status":"closed","ping_status":"closed","sticky":false,"template":"","format":"standard","meta":{"om_disable_all_campaigns":false,"_monsterinsights_skip_tracking":false,"_monsterinsights_sitenote_active":false,"_monsterinsights_sitenote_note":"","_monsterinsights_sitenote_category":0,"_uf_show_specific_survey":0,"_uf_disable_surveys":false,"footnotes":""},"categories":[10],"tags":[],"class_list":["post-8968","post","type-post","status-publish","format-standard","has-post-thumbnail","hentry","category-provinciadecastello"],"_links":{"self":[{"href":"https:\/\/elcafedepipa.com\/index.php\/wp-json\/wp\/v2\/posts\/8968","targetHints":{"allow":["GET"]}}],"collection":[{"href":"https:\/\/elcafedepipa.com\/index.php\/wp-json\/wp\/v2\/posts"}],"about":[{"href":"https:\/\/elcafedepipa.com\/index.php\/wp-json\/wp\/v2\/types\/post"}],"author":[{"embeddable":true,"href":"https:\/\/elcafedepipa.com\/index.php\/wp-json\/wp\/v2\/users\/2"}],"replies":[{"embeddable":true,"href":"https:\/\/elcafedepipa.com\/index.php\/wp-json\/wp\/v2\/comments?post=8968"}],"version-history":[{"count":0,"href":"https:\/\/elcafedepipa.com\/index.php\/wp-json\/wp\/v2\/posts\/8968\/revisions"}],"wp:featuredmedia":[{"embeddable":true,"href":"https:\/\/elcafedepipa.com\/index.php\/wp-json\/wp\/v2\/media\/8969"}],"wp:attachment":[{"href":"https:\/\/elcafedepipa.com\/index.php\/wp-json\/wp\/v2\/media?parent=8968"}],"wp:term":[{"taxonomy":"category","embeddable":true,"href":"https:\/\/elcafedepipa.com\/index.php\/wp-json\/wp\/v2\/categories?post=8968"},{"taxonomy":"post_tag","embeddable":true,"href":"https:\/\/elcafedepipa.com\/index.php\/wp-json\/wp\/v2\/tags?post=8968"}],"curies":[{"name":"wp","href":"https:\/\/api.w.org\/{rel}","templated":true}]}}