{"id":8941,"date":"2024-12-07T14:49:55","date_gmt":"2024-12-07T13:49:55","guid":{"rendered":"https:\/\/elcafedepipa.com\/?p=8941"},"modified":"2024-12-07T16:10:41","modified_gmt":"2024-12-07T15:10:41","slug":"el-concert-dany-nou-de-rotary-sera-solidari-amb-els-afectats-per-la-dana","status":"publish","type":"post","link":"https:\/\/elcafedepipa.com\/index.php\/2024\/12\/07\/el-concert-dany-nou-de-rotary-sera-solidari-amb-els-afectats-per-la-dana\/","title":{"rendered":"El concert d&#8217;any nou de Rotary ser\u00e0 solidari amb els afectats per la DANA"},"content":{"rendered":"\n<p>Dirigit per Jos\u00e9 Vicente Ram\u00f3n Segarra i amb Pascual Andreu com a tenor, Rotary obrir\u00e0 l&#8217;any nou una vegada m\u00e9s l&#8217;1 de gener amb el cl\u00e0ssic concert a l&#8217;Auditori de la Vall d&#8217;Uix\u00f3, i en aquesta ocasi\u00f3 se donar\u00e0 el benefici \u00edntegre del concert als afectats per la DANA ocorreguda recentment. <br><br>Per al concert s&#8217;ha preparat un programa ple de bellesa i eleg\u00e0ncia, amb obertures, \u00e0ries, valsos i polques dels m\u00e9s grans compositors: Supp\u00e9, Txaikovski, Doga, Puccini i tots els de la fam\u00edlia Strauss. Una nit de m\u00fasica m\u00e0gica per a transportar a l&#8217;espectador a un m\u00f3n d&#8217;emoci\u00f3 i fantasia. Des de Rotary assenyalen que ser\u00e0 &#8220;un espectacle \u00fanic per rebre el nou any&#8221;.<br><\/p>\n\n\n\n<p><\/p>\n","protected":false},"excerpt":{"rendered":"<p>Dirigit per Jos\u00e9 Vicente Ram\u00f3n Segarra i amb Pascual Andreu com a tenor, Rotary obrir\u00e0 l&#8217;any nou una vegada m\u00e9s l&#8217;1 de gener amb el cl\u00e0ssic concert a l&#8217;Auditori de la Vall d&#8217;Uix\u00f3, i en aquesta ocasi\u00f3 se donar\u00e0 el benefici \u00edntegre del concert als afectats per la DANA ocorreguda recentment. Per al concert s&#8217;ha &#8230; <a title=\"El concert d&#8217;any nou de Rotary ser\u00e0 solidari amb els afectats per la DANA\" class=\"read-more\" href=\"https:\/\/elcafedepipa.com\/index.php\/2024\/12\/07\/el-concert-dany-nou-de-rotary-sera-solidari-amb-els-afectats-per-la-dana\/\" aria-label=\"M\u00e9s informaci\u00f3 sobre El concert d&#8217;any nou de Rotary ser\u00e0 solidari amb els afectats per la DANA\">Read more<\/a><\/p>\n","protected":false},"author":2,"featured_media":8942,"comment_status":"closed","ping_status":"closed","sticky":false,"template":"","format":"standard","meta":{"om_disable_all_campaigns":false,"_monsterinsights_skip_tracking":false,"_monsterinsights_sitenote_active":false,"_monsterinsights_sitenote_note":"","_monsterinsights_sitenote_category":0,"_uf_show_specific_survey":0,"_uf_disable_surveys":false,"footnotes":""},"categories":[1],"tags":[],"class_list":["post-8941","post","type-post","status-publish","format-standard","has-post-thumbnail","hentry","category-non-classe"],"_links":{"self":[{"href":"https:\/\/elcafedepipa.com\/index.php\/wp-json\/wp\/v2\/posts\/8941","targetHints":{"allow":["GET"]}}],"collection":[{"href":"https:\/\/elcafedepipa.com\/index.php\/wp-json\/wp\/v2\/posts"}],"about":[{"href":"https:\/\/elcafedepipa.com\/index.php\/wp-json\/wp\/v2\/types\/post"}],"author":[{"embeddable":true,"href":"https:\/\/elcafedepipa.com\/index.php\/wp-json\/wp\/v2\/users\/2"}],"replies":[{"embeddable":true,"href":"https:\/\/elcafedepipa.com\/index.php\/wp-json\/wp\/v2\/comments?post=8941"}],"version-history":[{"count":0,"href":"https:\/\/elcafedepipa.com\/index.php\/wp-json\/wp\/v2\/posts\/8941\/revisions"}],"wp:featuredmedia":[{"embeddable":true,"href":"https:\/\/elcafedepipa.com\/index.php\/wp-json\/wp\/v2\/media\/8942"}],"wp:attachment":[{"href":"https:\/\/elcafedepipa.com\/index.php\/wp-json\/wp\/v2\/media?parent=8941"}],"wp:term":[{"taxonomy":"category","embeddable":true,"href":"https:\/\/elcafedepipa.com\/index.php\/wp-json\/wp\/v2\/categories?post=8941"},{"taxonomy":"post_tag","embeddable":true,"href":"https:\/\/elcafedepipa.com\/index.php\/wp-json\/wp\/v2\/tags?post=8941"}],"curies":[{"name":"wp","href":"https:\/\/api.w.org\/{rel}","templated":true}]}}