{"id":8938,"date":"2024-12-07T14:40:15","date_gmt":"2024-12-07T13:40:15","guid":{"rendered":"https:\/\/elcafedepipa.com\/?p=8938"},"modified":"2024-12-07T14:40:17","modified_gmt":"2024-12-07T13:40:17","slug":"nules-convoca-un-concurs-de-decoracio-nadalenca-de-balcons","status":"publish","type":"post","link":"https:\/\/elcafedepipa.com\/index.php\/2024\/12\/07\/nules-convoca-un-concurs-de-decoracio-nadalenca-de-balcons\/","title":{"rendered":"Nules convoca un concurs de decoraci\u00f3 nadalenca de balcons"},"content":{"rendered":"\n<p><strong>El consistori destina a aquest concurs 900 euros en premis que promouen la compra al comer\u00e7 local<\/strong><\/p>\n\n\n\n<p>L\u2019Ajuntament de Nules convoca un Concurs de Decoraci\u00f3 Nadalenca de balcons i finestres d\u2019habitatges, amb el qual es vol contribuir a l\u2019ambientaci\u00f3 nadalenca del municipi, a m\u00e9s de dinamitzar aix\u00ed tamb\u00e9 el comer\u00e7 local en aquestes dates.<\/p>\n\n\n\n<p>Aquest concurs va dirigit a tot aquell ve\u00efnat que vulga concursar. De manera que, el consistori destina un total de 900 euros a aquesta iniciativa que compta amb un total de tres premis: un primer premi d\u2019un val de compra de 500 euros per a comprar en comer\u00e7os locals, un segon premi d\u2019un val de compra de 300 euros, i un tercer de 100 euros.<\/p>\n\n\n\n<p>Des de la regidoria de Comer\u00e7, Gemma Carratal\u00e1, comenta que a m\u00e9s de fomentar la participaci\u00f3 ciutadana en l\u2019ambientaci\u00f3 nadalenca del poble amb elements decoratius en balcons i finestres, \u201ctamb\u00e9 es vol dinamitzar el comer\u00e7 de Nules propiciant l\u2019eixida del ve\u00efnat pels carrers del municipi en aquestes dates\u201d.<\/p>\n\n\n\n<p>Amb tot, en relaci\u00f3 als criteris de valoraci\u00f3 els membres del jurat tindran en compte, entre d\u2019altres, l\u2019originalitat del disseny i est\u00e8tica; la il\u00b7luminaci\u00f3; l\u2019\u00fas de materials reciclats; i l\u2019\u00fas d\u2019energia alternativa.<\/p>\n\n\n\n<p>Les persones interessades a participar tenen de termini per a inscriu-se fins el dia 9 de desembre; i les bases del concurs es troben publicades al tauler d\u2019anuncis de la seu electr\u00f2nica de l\u2019Ajuntament de Nules <a href=\"https:\/\/nules.sedelectronica.es\">https:\/\/nules.sedelectronica.es<\/a>. Aix\u00ed mateix, les persones participants hauran de tindre obligat\u00f2riament la decoraci\u00f3 instal\u00b7lada des dels dies del 16 de desembre al 6 de gener per a la valoraci\u00f3 del jurat.&nbsp; &nbsp;<\/p>\n\n\n\n<p><\/p>\n","protected":false},"excerpt":{"rendered":"<p>El consistori destina a aquest concurs 900 euros en premis que promouen la compra al comer\u00e7 local L\u2019Ajuntament de Nules convoca un Concurs de Decoraci\u00f3 Nadalenca de balcons i finestres d\u2019habitatges, amb el qual es vol contribuir a l\u2019ambientaci\u00f3 nadalenca del municipi, a m\u00e9s de dinamitzar aix\u00ed tamb\u00e9 el comer\u00e7 local en aquestes dates. Aquest &#8230; <a title=\"Nules convoca un concurs de decoraci\u00f3 nadalenca de balcons\" class=\"read-more\" href=\"https:\/\/elcafedepipa.com\/index.php\/2024\/12\/07\/nules-convoca-un-concurs-de-decoracio-nadalenca-de-balcons\/\" aria-label=\"M\u00e9s informaci\u00f3 sobre Nules convoca un concurs de decoraci\u00f3 nadalenca de balcons\">Read more<\/a><\/p>\n","protected":false},"author":2,"featured_media":8939,"comment_status":"closed","ping_status":"closed","sticky":false,"template":"","format":"standard","meta":{"om_disable_all_campaigns":false,"_monsterinsights_skip_tracking":false,"_monsterinsights_sitenote_active":false,"_monsterinsights_sitenote_note":"","_monsterinsights_sitenote_category":0,"_uf_show_specific_survey":0,"_uf_disable_surveys":false,"footnotes":""},"categories":[3],"tags":[],"class_list":["post-8938","post","type-post","status-publish","format-standard","has-post-thumbnail","hentry","category-nules"],"_links":{"self":[{"href":"https:\/\/elcafedepipa.com\/index.php\/wp-json\/wp\/v2\/posts\/8938","targetHints":{"allow":["GET"]}}],"collection":[{"href":"https:\/\/elcafedepipa.com\/index.php\/wp-json\/wp\/v2\/posts"}],"about":[{"href":"https:\/\/elcafedepipa.com\/index.php\/wp-json\/wp\/v2\/types\/post"}],"author":[{"embeddable":true,"href":"https:\/\/elcafedepipa.com\/index.php\/wp-json\/wp\/v2\/users\/2"}],"replies":[{"embeddable":true,"href":"https:\/\/elcafedepipa.com\/index.php\/wp-json\/wp\/v2\/comments?post=8938"}],"version-history":[{"count":0,"href":"https:\/\/elcafedepipa.com\/index.php\/wp-json\/wp\/v2\/posts\/8938\/revisions"}],"wp:featuredmedia":[{"embeddable":true,"href":"https:\/\/elcafedepipa.com\/index.php\/wp-json\/wp\/v2\/media\/8939"}],"wp:attachment":[{"href":"https:\/\/elcafedepipa.com\/index.php\/wp-json\/wp\/v2\/media?parent=8938"}],"wp:term":[{"taxonomy":"category","embeddable":true,"href":"https:\/\/elcafedepipa.com\/index.php\/wp-json\/wp\/v2\/categories?post=8938"},{"taxonomy":"post_tag","embeddable":true,"href":"https:\/\/elcafedepipa.com\/index.php\/wp-json\/wp\/v2\/tags?post=8938"}],"curies":[{"name":"wp","href":"https:\/\/api.w.org\/{rel}","templated":true}]}}