{"id":8916,"date":"2024-12-06T15:13:38","date_gmt":"2024-12-06T14:13:38","guid":{"rendered":"https:\/\/elcafedepipa.com\/?p=8916"},"modified":"2024-12-06T15:56:09","modified_gmt":"2024-12-06T14:56:09","slug":"ude-castellonense-la-unica-perdua-es-ximet","status":"publish","type":"post","link":"https:\/\/elcafedepipa.com\/index.php\/2024\/12\/06\/ude-castellonense-la-unica-perdua-es-ximet\/","title":{"rendered":"UDE-Castellonense (0-0): La \u00fanica p\u00e8rdua \u00e9s Ximet"},"content":{"rendered":"\n<p><strong>Ni les bones ocasions fallades (dos travessers seguits) ni un criteri arbitral dificil d&#8217;entendre. La \u00fanica lamentaci\u00f3 \u00e9s perdre al motor de l&#8217;equip. A l&#8217;inici s&#8217;ha guardat un minut de silenci en mem\u00f2ria del vicepresident de Caixa La Vall, Jos\u00e9 Luis Mendoza. <\/strong><\/p>\n\n\n\n<p>Ha sigut un partit disputat com ja es preve\u00efa, en un camp que de voltes facilita m\u00e9s la tasca al rival que als locals. Els de Descalzo han tardat en trencar la monotonia inicial i han tingut ocasions que en altre partit hagueren acabat al fons de la xarxa, per\u00f2 hui no. Davant, un gran equip que sabia el que tenia que fer, roc\u00f2s, per aix\u00f2 sap m\u00e9s mal no aprofitar les oportunitats que se presenten.<\/p>\n\n\n\n<p>Han estat millor els blanc-i-blaus en la segona part, per\u00f2 en el minut 70 Ximet se lesionava de gravetat en la disputa d&#8217;un bal\u00f3 junt a la banda i era substitu\u00eft per Amine. Poc despr\u00e9s el Castellonense gaudia d&#8217;una bona ocasi\u00f3 que pegava en el pal, i ja en les acaballes A\u00f1\u00f3 era expulsat per doble amonestaci\u00f3 en el minut 87, en altre partit que la UDE no acaba amb els onze jugadors al camp. Al final, empat sense gols i un nou punt per als de Descalzo.<\/p>\n\n\n\n<p>Sumar i m\u00e9s si \u00e9s davant d&#8217; un gran equip sempre \u00e9s positiu, i dimecres que ve hi ha una altra oportunitat davant el Soneja. Per\u00f2 hui la preocupaci\u00f3 \u00e9s altra: Ximet. Potser que se li haja acabat la temporada al brau jugador de Nules.<\/p>\n\n\n\n<p>Els onze inicials han sigut:<\/p>\n\n\n\n<p><strong>UDE:<\/strong> David Mart\u00ednez, Luismi, Ferrer, Pi\u00f1ango, A\u00f1\u00f3, Ximo Forner, Ximet (Amine, 73&#8242;), Burri (Moi, 63&#8242;), Victor Ferrando, Megina (Aguilar, 82&#8242;) i Cervera (Mor\u00f3n, 63&#8242;)<\/p>\n\n\n\n<p><strong>CASTELLONENSE: <\/strong>Pablo, Castells, Enrique, Isaac, Carles, Prats, Ferran, Oca, Germ\u00e1n, Bryan i Pablo Madrid.<\/p>\n\n\n\n<p><\/p>\n\n\n\n<p><\/p>\n\n\n\n<figure class=\"wp-block-video\"><video height=\"848\" style=\"aspect-ratio: 480 \/ 848;\" width=\"480\" controls src=\"https:\/\/elcafedepipa.com\/wp-content\/uploads\/2024\/12\/descalzo6.mp4\"><\/video><\/figure>\n\n\n\n<figure class=\"wp-block-image size-large\"><img fetchpriority=\"high\" decoding=\"async\" width=\"683\" height=\"1024\" src=\"https:\/\/elcafedepipa.com\/wp-content\/uploads\/2024\/12\/ude1-683x1024.jpeg\" alt=\"\" class=\"wp-image-8920\" srcset=\"https:\/\/elcafedepipa.com\/wp-content\/uploads\/2024\/12\/ude1-683x1024.jpeg 683w, https:\/\/elcafedepipa.com\/wp-content\/uploads\/2024\/12\/ude1-200x300.jpeg 200w, https:\/\/elcafedepipa.com\/wp-content\/uploads\/2024\/12\/ude1-768x1151.jpeg 768w, https:\/\/elcafedepipa.com\/wp-content\/uploads\/2024\/12\/ude1-1025x1536.jpeg 1025w, https:\/\/elcafedepipa.com\/wp-content\/uploads\/2024\/12\/ude1.jpeg 1366w\" sizes=\"(max-width: 683px) 100vw, 683px\" \/><\/figure>\n","protected":false},"excerpt":{"rendered":"<p>Ni les bones ocasions fallades (dos travessers seguits) ni un criteri arbitral dificil d&#8217;entendre. La \u00fanica lamentaci\u00f3 \u00e9s perdre al motor de l&#8217;equip. A l&#8217;inici s&#8217;ha guardat un minut de silenci en mem\u00f2ria del vicepresident de Caixa La Vall, Jos\u00e9 Luis Mendoza. Ha sigut un partit disputat com ja es preve\u00efa, en un camp que &#8230; <a title=\"UDE-Castellonense (0-0): La \u00fanica p\u00e8rdua \u00e9s Ximet\" class=\"read-more\" href=\"https:\/\/elcafedepipa.com\/index.php\/2024\/12\/06\/ude-castellonense-la-unica-perdua-es-ximet\/\" aria-label=\"M\u00e9s informaci\u00f3 sobre UDE-Castellonense (0-0): La \u00fanica p\u00e8rdua \u00e9s Ximet\">Read more<\/a><\/p>\n","protected":false},"author":2,"featured_media":8918,"comment_status":"closed","ping_status":"closed","sticky":false,"template":"","format":"standard","meta":{"om_disable_all_campaigns":false,"_monsterinsights_skip_tracking":false,"_monsterinsights_sitenote_active":false,"_monsterinsights_sitenote_note":"","_monsterinsights_sitenote_category":0,"_uf_show_specific_survey":0,"_uf_disable_surveys":false,"footnotes":""},"categories":[1],"tags":[],"class_list":["post-8916","post","type-post","status-publish","format-standard","has-post-thumbnail","hentry","category-non-classe"],"_links":{"self":[{"href":"https:\/\/elcafedepipa.com\/index.php\/wp-json\/wp\/v2\/posts\/8916","targetHints":{"allow":["GET"]}}],"collection":[{"href":"https:\/\/elcafedepipa.com\/index.php\/wp-json\/wp\/v2\/posts"}],"about":[{"href":"https:\/\/elcafedepipa.com\/index.php\/wp-json\/wp\/v2\/types\/post"}],"author":[{"embeddable":true,"href":"https:\/\/elcafedepipa.com\/index.php\/wp-json\/wp\/v2\/users\/2"}],"replies":[{"embeddable":true,"href":"https:\/\/elcafedepipa.com\/index.php\/wp-json\/wp\/v2\/comments?post=8916"}],"version-history":[{"count":0,"href":"https:\/\/elcafedepipa.com\/index.php\/wp-json\/wp\/v2\/posts\/8916\/revisions"}],"wp:featuredmedia":[{"embeddable":true,"href":"https:\/\/elcafedepipa.com\/index.php\/wp-json\/wp\/v2\/media\/8918"}],"wp:attachment":[{"href":"https:\/\/elcafedepipa.com\/index.php\/wp-json\/wp\/v2\/media?parent=8916"}],"wp:term":[{"taxonomy":"category","embeddable":true,"href":"https:\/\/elcafedepipa.com\/index.php\/wp-json\/wp\/v2\/categories?post=8916"},{"taxonomy":"post_tag","embeddable":true,"href":"https:\/\/elcafedepipa.com\/index.php\/wp-json\/wp\/v2\/tags?post=8916"}],"curies":[{"name":"wp","href":"https:\/\/api.w.org\/{rel}","templated":true}]}}