{"id":8908,"date":"2024-12-05T19:57:29","date_gmt":"2024-12-05T18:57:29","guid":{"rendered":"https:\/\/elcafedepipa.com\/?p=8908"},"modified":"2024-12-05T19:57:31","modified_gmt":"2024-12-05T18:57:31","slug":"isabel-garcia-vinao-i-manuel-luque-tapia-guanyadors-dels-xlvi-certamens-culturals-dalmenara","status":"publish","type":"post","link":"https:\/\/elcafedepipa.com\/index.php\/2024\/12\/05\/isabel-garcia-vinao-i-manuel-luque-tapia-guanyadors-dels-xlvi-certamens-culturals-dalmenara\/","title":{"rendered":"Isabel Garc\u00eda Vi\u00f1ao i Manuel Luque Tapia, guanyadors dels XLVI Cert\u00e0mens culturals d&#8217;Almenara"},"content":{"rendered":"\n<p><strong>Respectivament han ven\u00e7ut en els premis Pr\u00f2ixita de Poesia i Joan Fuster de Narrativa, dotats amb 400 euros cadascun<\/strong><\/p>\n\n\n\n<p>Isabel Garc\u00eda Vi\u00f1ao i Manuel Luque Tapia s\u00f3n els guanyadors de la XLVI edici\u00f3 dels Cert\u00e0mens Culturals d&#8217;Almenara convocats per la regidoria de Cultura per a aquest any 2024, vencent respectivament en els premis Pr\u00f2ixita de poesia i Joan Fuster de narrativa de la localitat. Cada guard\u00f3 est\u00e0 dotat amb 400 euros.<\/p>\n\n\n\n<p>Isabel Garc\u00eda Vi\u00f1ao ha guanyat el XLVI Premi Pr\u00f2ixita de Poesia amb l&#8217;obra \u201cJuntos somos luz que enciende las noches ciegas\u201d. Garc\u00eda Vi\u00f1ao, natural d\u2019Arator\u00e9s (Osca), \u00e9s autora de nombrosos contes, relats i poesies. Entre els guardons que ha aconseguit per les seues obres destaca el primer premi \u201cHermanos B\u00e9cquer\u201d de la Diputaci\u00f3 Provincial de Saragossa i el primer premi en el XLII Certamen po\u00e8tic de Salas de los Infantes (Burgos), aix\u00ed com uns altres primers premis en nombrosos cert\u00e0mens espanyols (Melilla, Aranda, Almu\u00f1\u00e9car, Cantillana, els Jocs Florals de Tobarra\u2026)<\/p>\n\n\n\n<p>D&#8217;altra banda, Manuel Luque Tapia, amb l&#8217;obra \u201cMa solitude\u201d s&#8217;ha proclamat vencedor del XLVI Premi Joan Fuster de Narrativa d&#8217;Almenara. El guanyador del certamen \u00e9s natural de Do\u00f1a Menc\u00eda (C\u00f2rdova) i al llarg de la seua traject\u00f2ria ha obtingut nombrosos premis i guardons, tant en poesia com en narrativa. Entre alguns es poden citar el de poesia Amantes de Teruel, el Ernestina Champouc\u00edn de la Diputaci\u00f3 Foral d&#8217;\u00c0laba, el Concurs de Narracions Fernando Belmonte (Huelva), Certamen de Cuentos Dulcinea de Barcelona, el premi Ateneu Cultural i Mercantil d&#8217;Onda o els jocs florals de Poesia d&#8217;Aguilar de Campoo. En l&#8217;apartat internacional ha aconseguit el segon premi del II Certamen Internacional de Contes Terra Austral Editors de Sydney (Austr\u00e0lia) o la Menci\u00f3 d&#8217;Honor en l&#8217;IV Certamen Internacional de Poesia i Conte Breu de Buenos Aires (l&#8217;Argentina).<\/p>\n\n\n\n<p>Els XLVI premis Proixita i Joan Fuster 2024 s&#8217;entregaran divendres que ve 13 de desembre en un acte que se celebrar\u00e0 en Mol\u00ed d\u2019Arr\u00f2s d\u2019Almenara.<\/p>\n\n\n\n<p><\/p>\n","protected":false},"excerpt":{"rendered":"<p>Respectivament han ven\u00e7ut en els premis Pr\u00f2ixita de Poesia i Joan Fuster de Narrativa, dotats amb 400 euros cadascun Isabel Garc\u00eda Vi\u00f1ao i Manuel Luque Tapia s\u00f3n els guanyadors de la XLVI edici\u00f3 dels Cert\u00e0mens Culturals d&#8217;Almenara convocats per la regidoria de Cultura per a aquest any 2024, vencent respectivament en els premis Pr\u00f2ixita de &#8230; <a title=\"Isabel Garc\u00eda Vi\u00f1ao i Manuel Luque Tapia, guanyadors dels XLVI Cert\u00e0mens culturals d&#8217;Almenara\" class=\"read-more\" href=\"https:\/\/elcafedepipa.com\/index.php\/2024\/12\/05\/isabel-garcia-vinao-i-manuel-luque-tapia-guanyadors-dels-xlvi-certamens-culturals-dalmenara\/\" aria-label=\"M\u00e9s informaci\u00f3 sobre Isabel Garc\u00eda Vi\u00f1ao i Manuel Luque Tapia, guanyadors dels XLVI Cert\u00e0mens culturals d&#8217;Almenara\">Read more<\/a><\/p>\n","protected":false},"author":2,"featured_media":8909,"comment_status":"closed","ping_status":"closed","sticky":false,"template":"","format":"standard","meta":{"om_disable_all_campaigns":false,"_monsterinsights_skip_tracking":false,"_monsterinsights_sitenote_active":false,"_monsterinsights_sitenote_note":"","_monsterinsights_sitenote_category":0,"_uf_show_specific_survey":0,"_uf_disable_surveys":false,"footnotes":""},"categories":[5],"tags":[],"class_list":["post-8908","post","type-post","status-publish","format-standard","has-post-thumbnail","hentry","category-almenara"],"_links":{"self":[{"href":"https:\/\/elcafedepipa.com\/index.php\/wp-json\/wp\/v2\/posts\/8908","targetHints":{"allow":["GET"]}}],"collection":[{"href":"https:\/\/elcafedepipa.com\/index.php\/wp-json\/wp\/v2\/posts"}],"about":[{"href":"https:\/\/elcafedepipa.com\/index.php\/wp-json\/wp\/v2\/types\/post"}],"author":[{"embeddable":true,"href":"https:\/\/elcafedepipa.com\/index.php\/wp-json\/wp\/v2\/users\/2"}],"replies":[{"embeddable":true,"href":"https:\/\/elcafedepipa.com\/index.php\/wp-json\/wp\/v2\/comments?post=8908"}],"version-history":[{"count":0,"href":"https:\/\/elcafedepipa.com\/index.php\/wp-json\/wp\/v2\/posts\/8908\/revisions"}],"wp:featuredmedia":[{"embeddable":true,"href":"https:\/\/elcafedepipa.com\/index.php\/wp-json\/wp\/v2\/media\/8909"}],"wp:attachment":[{"href":"https:\/\/elcafedepipa.com\/index.php\/wp-json\/wp\/v2\/media?parent=8908"}],"wp:term":[{"taxonomy":"category","embeddable":true,"href":"https:\/\/elcafedepipa.com\/index.php\/wp-json\/wp\/v2\/categories?post=8908"},{"taxonomy":"post_tag","embeddable":true,"href":"https:\/\/elcafedepipa.com\/index.php\/wp-json\/wp\/v2\/tags?post=8908"}],"curies":[{"name":"wp","href":"https:\/\/api.w.org\/{rel}","templated":true}]}}