{"id":8901,"date":"2024-12-05T19:48:10","date_gmt":"2024-12-05T18:48:10","guid":{"rendered":"https:\/\/elcafedepipa.com\/?p=8901"},"modified":"2024-12-05T19:48:12","modified_gmt":"2024-12-05T18:48:12","slug":"la-vall-duixo-acull-el-projecte-musica-a-la-llum-amb-un-concert-solidari-amb-les-bandes-afectades-per-la-dana","status":"publish","type":"post","link":"https:\/\/elcafedepipa.com\/index.php\/2024\/12\/05\/la-vall-duixo-acull-el-projecte-musica-a-la-llum-amb-un-concert-solidari-amb-les-bandes-afectades-per-la-dana\/","title":{"rendered":"La Vall d&#8217;Uix\u00f3 acull el projecte &#8216;M\u00fasica a la llum&#8217; amb un concert solidari amb les bandes afectades per la DANA"},"content":{"rendered":"\n<p><strong>El diumenge 8 de desembre tindr\u00e0 lloc aquest esdeveniment de la FSMCV dedicat al compositor Manuel Parra Bernabeu<\/strong><\/p>\n\n\n\n<p>El projecte \u201cM\u00fasica a la llum\u201d de la Federaci\u00f3 de Societats Musicals de la Comunitat Valenciana (FSMCV) arriba a la Vall d&#8217;Uix\u00f3 per enregistrar un CD i celebrar un concert solidari a benefici de les bandes de m\u00fasica afectades per la DANA. Ser\u00e0 aquest diumenge, 8 de desembre, a les 18.00 hores, al Teatre Municipal Carmen Tur.<\/p>\n\n\n\n<p>El regidor de Cultura, Jorge Marqu\u00e9s, ha explicat que \u00e9s \u201cun molt bon senyal que la FSMCV  pense en la Vall per portar aquesta iniciativa, que continua posicionant la nostra ciutat dins del panorama cultural i musical del territori valenci\u00e0\u201d. A m\u00e9s servir\u00e0 per \u201cajudar les societats musicals valencianes que han patit les conseq\u00fc\u00e8ncies de la DANA\u201d a les seues seus, instruments, arxius\u2026<\/p>\n\n\n\n<p>L&#8217;objectiu de &#8216;M\u00fasica a la llum&#8217; \u00e9s \u201ctreure a la llum tresors que tenim amagats a les nostres societats musicals i que s\u00f3n patrimoni hist\u00f2ric\u201d, tal com ha destacat la presidenta de la FSMCV, Daniela Gonz\u00e1lez. Gr\u00e0cies a aquest projecte s&#8217;estan recuperant \u201ccomposicions de fa molts segles\u201d, ha dit.<\/p>\n\n\n\n<p>\u00c9s el cas de l&#8217;obra de Manuel Parra Bernabeu, compositor del segle XXI, i de la Societat Musical La Pau de Beneixama. A tots dos estar\u00e0 dedicat el concert de la Jove Banda Simf\u00f2nica de la FSMCV d&#8217;aquest diumenge a la Vall, que tamb\u00e9 quedar\u00e0 enregistrat en un CD. Gonz\u00e1lez ha agra\u00eft a l&#8217;Ajuntament que haja posat a disposici\u00f3 les instal\u00b7lacions municipals per fer-ho possible, aix\u00ed com a les tres bandes de la Vall d&#8217;Uix\u00f3.<\/p>\n\n\n\n<p>Marqu\u00e9s tamb\u00e9 ha reiterat l&#8217;agra\u00efment per la col\u00b7laboraci\u00f3 a l&#8217;Ateneu Musical Schola Cantorum, el Centre Instructiu d&#8217;Art i Cultura i la Uni\u00f3 Musical Valldeuxense. &#8220;S\u00f3n les nostres tres bandes les que fan una gran feina durant tot l&#8217;any per posicionar la Vall com un referent cultural i musical, gr\u00e0cies a la seua activitat constant&#8221;, ha finalitzat.<\/p>\n","protected":false},"excerpt":{"rendered":"<p>El diumenge 8 de desembre tindr\u00e0 lloc aquest esdeveniment de la FSMCV dedicat al compositor Manuel Parra Bernabeu El projecte \u201cM\u00fasica a la llum\u201d de la Federaci\u00f3 de Societats Musicals de la Comunitat Valenciana (FSMCV) arriba a la Vall d&#8217;Uix\u00f3 per enregistrar un CD i celebrar un concert solidari a benefici de les bandes de &#8230; <a title=\"La Vall d&#8217;Uix\u00f3 acull el projecte &#8216;M\u00fasica a la llum&#8217; amb un concert solidari amb les bandes afectades per la DANA\" class=\"read-more\" href=\"https:\/\/elcafedepipa.com\/index.php\/2024\/12\/05\/la-vall-duixo-acull-el-projecte-musica-a-la-llum-amb-un-concert-solidari-amb-les-bandes-afectades-per-la-dana\/\" aria-label=\"M\u00e9s informaci\u00f3 sobre La Vall d&#8217;Uix\u00f3 acull el projecte &#8216;M\u00fasica a la llum&#8217; amb un concert solidari amb les bandes afectades per la DANA\">Read more<\/a><\/p>\n","protected":false},"author":2,"featured_media":8902,"comment_status":"closed","ping_status":"closed","sticky":false,"template":"","format":"standard","meta":{"om_disable_all_campaigns":false,"_monsterinsights_skip_tracking":false,"_monsterinsights_sitenote_active":false,"_monsterinsights_sitenote_note":"","_monsterinsights_sitenote_category":0,"_uf_show_specific_survey":0,"_uf_disable_surveys":false,"footnotes":""},"categories":[1],"tags":[],"class_list":["post-8901","post","type-post","status-publish","format-standard","has-post-thumbnail","hentry","category-non-classe"],"_links":{"self":[{"href":"https:\/\/elcafedepipa.com\/index.php\/wp-json\/wp\/v2\/posts\/8901","targetHints":{"allow":["GET"]}}],"collection":[{"href":"https:\/\/elcafedepipa.com\/index.php\/wp-json\/wp\/v2\/posts"}],"about":[{"href":"https:\/\/elcafedepipa.com\/index.php\/wp-json\/wp\/v2\/types\/post"}],"author":[{"embeddable":true,"href":"https:\/\/elcafedepipa.com\/index.php\/wp-json\/wp\/v2\/users\/2"}],"replies":[{"embeddable":true,"href":"https:\/\/elcafedepipa.com\/index.php\/wp-json\/wp\/v2\/comments?post=8901"}],"version-history":[{"count":0,"href":"https:\/\/elcafedepipa.com\/index.php\/wp-json\/wp\/v2\/posts\/8901\/revisions"}],"wp:featuredmedia":[{"embeddable":true,"href":"https:\/\/elcafedepipa.com\/index.php\/wp-json\/wp\/v2\/media\/8902"}],"wp:attachment":[{"href":"https:\/\/elcafedepipa.com\/index.php\/wp-json\/wp\/v2\/media?parent=8901"}],"wp:term":[{"taxonomy":"category","embeddable":true,"href":"https:\/\/elcafedepipa.com\/index.php\/wp-json\/wp\/v2\/categories?post=8901"},{"taxonomy":"post_tag","embeddable":true,"href":"https:\/\/elcafedepipa.com\/index.php\/wp-json\/wp\/v2\/tags?post=8901"}],"curies":[{"name":"wp","href":"https:\/\/api.w.org\/{rel}","templated":true}]}}