{"id":8894,"date":"2024-12-05T19:25:19","date_gmt":"2024-12-05T18:25:19","guid":{"rendered":"https:\/\/elcafedepipa.com\/?p=8894"},"modified":"2024-12-05T19:25:21","modified_gmt":"2024-12-05T18:25:21","slug":"divendres-de-futbol-la-ude-torna-a-lestadi-amb-ganes-de-continuar-creixent","status":"publish","type":"post","link":"https:\/\/elcafedepipa.com\/index.php\/2024\/12\/05\/divendres-de-futbol-la-ude-torna-a-lestadi-amb-ganes-de-continuar-creixent\/","title":{"rendered":"Divendres de futbol: La UDE torna a l&#8217;Estadi amb ganes de continuar creixent"},"content":{"rendered":"\n<p>Despr\u00e9s d&#8217;un empat i una vict\u00f2ria en aquestes dues \u00faltimes jornades on la UDE ha jugat a domicili, els blanc-i-blaus tornen dem\u00e0 divendres a jugar com a local en horari matinal amb la intenci\u00f3 de tornar a brindar un triomf a la seua afici\u00f3 que els catapulte en la classificaci\u00f3.<br>Amb gaireb\u00e9 el primer quart de campionat consumit, la UDE ocupa una c\u00f2moda sisena posici\u00f3 a la taula i dem\u00e0 divendres t\u00e9 l&#8217;oportunitat de fer un important salt a la classificaci\u00f3 per acostar-se, i molt, a les primeres posicions.<br>Per\u00f2 els blanc-i-blaus no ho tindran gens f\u00e0cil; en front tindran un dels rivals amb m\u00e9s potencial del grup, la Uni\u00f3n Deportiva Castellonense d&#8217;I\u00f1aki Rodr\u00edguez. Els de la Ribera Alta es troben en desena posici\u00f3 amb 16 punts, nom\u00e9s 1 darrere de la UDE amb la qual cosa es vaticina un duel igualat i molt competit.<\/p>\n\n\n\n<p><strong>Tornar a casa<\/strong><\/p>\n\n\n\n<p>Despr\u00e9s de dues sortides consecutives, la UDE torna a jugar al vell Segarra on no fa tant de temps aix\u00f2 era gaireb\u00e9 sin\u00f2nim de vict\u00f2ria segura. El partit es dipustar\u00e0 en la matinal de dem\u00e0 divendres a les 11:30 hores, un horari poc habitual per\u00f2 que en tractar-se d&#8217;un dia festiu s&#8217;espera una bona aflu\u00e8ncia de p\u00fablic per presenciar aquest atractiu duel corresponent a la jornada 14 del Grup VI de Tercera RFEF.<\/p>\n\n\n\n<p><strong>Els de Descalzo, quasi al complet<\/strong><\/p>\n\n\n\n<p>Tret dels lesionats de llarga duradci\u00f3 com Colomer i Galas i, Zurita que va ser expulsat a La Celadilla per doble amonestaci\u00f3, Jos\u00e9 Manuel Descalzo podr\u00e0 comptar amb la resta d&#8217;efectius destacant la tornada de Blas, Amine i Sergio Soler que es van perdre l&#8217;\u00faltim partit contra l&#8217;Utiel .<\/p>\n\n\n\n<p><\/p>\n","protected":false},"excerpt":{"rendered":"<p>Despr\u00e9s d&#8217;un empat i una vict\u00f2ria en aquestes dues \u00faltimes jornades on la UDE ha jugat a domicili, els blanc-i-blaus tornen dem\u00e0 divendres a jugar com a local en horari matinal amb la intenci\u00f3 de tornar a brindar un triomf a la seua afici\u00f3 que els catapulte en la classificaci\u00f3.Amb gaireb\u00e9 el primer quart de &#8230; <a title=\"Divendres de futbol: La UDE torna a l&#8217;Estadi amb ganes de continuar creixent\" class=\"read-more\" href=\"https:\/\/elcafedepipa.com\/index.php\/2024\/12\/05\/divendres-de-futbol-la-ude-torna-a-lestadi-amb-ganes-de-continuar-creixent\/\" aria-label=\"M\u00e9s informaci\u00f3 sobre Divendres de futbol: La UDE torna a l&#8217;Estadi amb ganes de continuar creixent\">Read more<\/a><\/p>\n","protected":false},"author":2,"featured_media":8895,"comment_status":"closed","ping_status":"closed","sticky":false,"template":"","format":"standard","meta":{"om_disable_all_campaigns":false,"_monsterinsights_skip_tracking":false,"_monsterinsights_sitenote_active":false,"_monsterinsights_sitenote_note":"","_monsterinsights_sitenote_category":0,"_uf_show_specific_survey":0,"_uf_disable_surveys":false,"footnotes":""},"categories":[1],"tags":[],"class_list":["post-8894","post","type-post","status-publish","format-standard","has-post-thumbnail","hentry","category-non-classe"],"_links":{"self":[{"href":"https:\/\/elcafedepipa.com\/index.php\/wp-json\/wp\/v2\/posts\/8894","targetHints":{"allow":["GET"]}}],"collection":[{"href":"https:\/\/elcafedepipa.com\/index.php\/wp-json\/wp\/v2\/posts"}],"about":[{"href":"https:\/\/elcafedepipa.com\/index.php\/wp-json\/wp\/v2\/types\/post"}],"author":[{"embeddable":true,"href":"https:\/\/elcafedepipa.com\/index.php\/wp-json\/wp\/v2\/users\/2"}],"replies":[{"embeddable":true,"href":"https:\/\/elcafedepipa.com\/index.php\/wp-json\/wp\/v2\/comments?post=8894"}],"version-history":[{"count":0,"href":"https:\/\/elcafedepipa.com\/index.php\/wp-json\/wp\/v2\/posts\/8894\/revisions"}],"wp:featuredmedia":[{"embeddable":true,"href":"https:\/\/elcafedepipa.com\/index.php\/wp-json\/wp\/v2\/media\/8895"}],"wp:attachment":[{"href":"https:\/\/elcafedepipa.com\/index.php\/wp-json\/wp\/v2\/media?parent=8894"}],"wp:term":[{"taxonomy":"category","embeddable":true,"href":"https:\/\/elcafedepipa.com\/index.php\/wp-json\/wp\/v2\/categories?post=8894"},{"taxonomy":"post_tag","embeddable":true,"href":"https:\/\/elcafedepipa.com\/index.php\/wp-json\/wp\/v2\/tags?post=8894"}],"curies":[{"name":"wp","href":"https:\/\/api.w.org\/{rel}","templated":true}]}}