{"id":8891,"date":"2024-12-05T19:16:12","date_gmt":"2024-12-05T18:16:12","guid":{"rendered":"https:\/\/elcafedepipa.com\/?p=8891"},"modified":"2024-12-05T19:16:14","modified_gmt":"2024-12-05T18:16:14","slug":"la-unio-demana-al-ministre-planas-que-pressione-perque-els-citrics-europeus-siguen-considerats-producte-sensible","status":"publish","type":"post","link":"https:\/\/elcafedepipa.com\/index.php\/2024\/12\/05\/la-unio-demana-al-ministre-planas-que-pressione-perque-els-citrics-europeus-siguen-considerats-producte-sensible\/","title":{"rendered":"LA UNI\u00d3 demana al ministre Planas que pressione perqu\u00e8 els c\u00edtrics europeus siguen considerats producte sensible"},"content":{"rendered":"\n<p><strong>La possible entrada de plagues o malalties, un altre dels punts negatius de l&#8217;acord amb Mercosur<\/strong><\/p>\n\n\n\n<p>La Uni\u00f3 Llauradora insta el ministre d&#8217;Agricultura, Luis Planas, a pressionar davant les autoritats comunit\u00e0ries perqu\u00e8 els c\u00edtrics europeus siguen considerats com un producte sensible en les negociacions d&#8217;acords amb tercers pa\u00efsos. L&#8217;organitzaci\u00f3 creu que la signatura del possible acord entre la UE i Mercosur seria lesiva per als interessos dels llauradors i ramaders de la Comunitat Valenciana, com \u00e9s el cas dels productors de c\u00edtrics, arr\u00f2s, apicultura o bov\u00ed, entre altres.<\/p>\n\n\n\n<p>En els c\u00edtrics s&#8217;afonaria totalment la ind\u00fastria europea del suc que ja domina al 90% un pa\u00eds com el Brasil i la situaci\u00f3 s&#8217;estendria aix\u00ed mateix al preu per a la fruita del mercat en fresc. En l&#8217;actualitat, els c\u00edtrics en fresc que arriben a la UE procedents de l&#8217;Argentina i el Brasil ho fan amb un aranzel del 12,80% que, segurament, amb l&#8217;acord anirien reduint-se o desapareixerien. En el cas dels sucs del Brasil s&#8217;abona un aranzel del 12,20% i ocorreria el mateix.<\/p>\n\n\n\n<p>Per aix\u00f2 l&#8217;organitzaci\u00f3 sol\u00b7licita a Luis Planas que complisca amb el seu comprom\u00eds de protegir els c\u00edtrics europeus en les negociacions comercials entre la Uni\u00f3 Europea i el bloc Mercosur, a les quals se&#8217;ls pret\u00e9n donar un impuls aquestes \u00faltimes setmanes. Malgrat la rellev\u00e0ncia estrat\u00e8gica del sector citr\u00edcola, les gestions ministerials no han aconseguit que els c\u00edtrics siguen reconeguts encara com &#8220;molt sensibles&#8221; en el marc de les negociacions, deixant a la nostra producci\u00f3 en una situaci\u00f3 de vulnerabilitat inadmissible enfront de les importacions.<\/p>\n\n\n\n<p>Els c\u00edtrics europeus enfronten una compet\u00e8ncia deslleial a causa de la falta de reciprocitat en els est\u00e0ndards fitosanitaris i mediambientals de les importacions procedents de pa\u00efsos del Mercosur, com el Brasil, l&#8217;Argentina i l&#8217;Uruguai, que presenten un historial alarmant de plagues o malalties interceptades. Nom\u00e9s en 2024, fins a octubre, s&#8217;han registrat 99 intercepcions de plagues en c\u00edtrics importats d&#8217;aquests pa\u00efsos.<\/p>\n\n\n\n<p>En aquest sentit, Carles Peris, secretari general de LA UNI\u00d3 li recorda al ministre Planas que \u201cel 30 de setembre de 2021 es va fer p\u00fablic que el Govern d&#8217;Espanya havia sol\u00b7licitat a la Comissi\u00f3 Europea la consideraci\u00f3 dels c\u00edtrics com a producte molt sensible enfront de les importacions de pa\u00efsos tercers, tal com es venia sol\u00b7licitant des de la nostra organitzaci\u00f3 insistentment. En aquest sentit, es va dirigir una carta als llavors comissaris d&#8217;Agricultura, Janusz Wojciechowski; comer\u00e7, Valdis Dombrovskis, i de Sanitat, Stella Kyriakides, signada per la ministra d&#8217;Ind\u00fastria, Comer\u00e7 i Turisme, Reyes Maroto, i pel ministre d&#8217;Agricultura, Pesca i Alimentaci\u00f3, Luis Planas.\u201d A estes dates, el ministre Planas no ha finalitzat el seu treball el que, m\u00e9s de 3 anys despr\u00e9s, \u00e9s un s\u00edmptoma de deixadesa en la defensa del nostre sector davant acords amb tercers pa\u00efsos.<\/p>\n\n\n\n<p>La Comissi\u00f3 Europea, amb la inacci\u00f3 del Ministeri d&#8217;Agricultura, no ha publicat fins al moment un informe exhaustiu de l&#8217;impacte que tindria l&#8217;acord sobre l&#8217;economia citr\u00edcola europea ni ha detallat les condicions espec\u00edfiques del desmantellament aranzelari previst. Aquesta opacitat \u00e9s inacceptable. Segons les dades disponibles, la creixent entrada de suc de taronja del Brasil est\u00e0 erosionant la ind\u00fastria europea de sucs, fonamental per a regular el mercat de c\u00edtrics en fresc. Entre 2019 i 2023, les importacions de suc de taronja des de tercers pa\u00efsos cap a la UE han augmentat de manera preocupant. Espanya, que hist\u00f2ricament ha sigut l\u00edder en la producci\u00f3 de c\u00edtrics, ha importat m\u00e9s de 19.000 tones de suc en 2023, una xifra que amena\u00e7a la sostenibilitat del nostre sector agroindustrial.<\/p>\n\n\n\n<p>Una vegada m\u00e9s, les negociacions comercials amb tercers pa\u00efsos posen de manifest una din\u00e0mica desequilibrada. En primer lloc, novament i tal com va oc\u00f3rrer amb el TTIP, existeix un obscurantisme en les negociacions el que fa preveure que, mentre la UE puga oferir condicions favorables per a les importacions, els Estats membres enfronten una posici\u00f3 afeblida per a negociar protocols d&#8217;exportaci\u00f3. La falta de reciprocitat en est\u00e0ndards fitosanitaris no sols \u00e9s un problema de competitivitat, sin\u00f3 tamb\u00e9 de seguretat aliment\u00e0ria i de control de plagues o malalties, que podria derivar en conseq\u00fc\u00e8ncies catastr\u00f2fiques per a les plantacions citr\u00edcoles europees i, per tant, valencianes.<\/p>\n\n\n\n<p>Aquest obscurantisme porta a sospitar al sector que, una vegada m\u00e9s, la Comissi\u00f3 Europea, amb el suport del ministre Planas, puga tirar-nos al peu dels cavalls de la globalitzaci\u00f3 i la falta de defensa de les produccions europees.<\/p>\n\n\n\n<p>En conseq\u00fc\u00e8ncia, des de LA UNI\u00d3 s&#8217;exigeix al govern d&#8217;Espanya que se sume al posicionament del govern franc\u00e9s i al ministre d&#8217;Agricultura que es pose d&#8217;una vegada a treballar per a aconseguir que es declare l&#8217;impacte estimat d&#8217;aquest acord sobre l&#8217;economia citr\u00edcola europea, incloent-hi un desglossament detallat del desmantellament aranzelari proposat. En segon lloc, que, complisca amb el comprom\u00eds adquirit d&#8217;aconseguir que els c\u00edtrics siguen catalogats com a productes &#8220;molt sensibles&#8221;, la qual cosa garantiria una major protecci\u00f3 enfront de les importacions i finalment, com es va comprometre amb el sector en el document de les 43 mesures que reclame garanties fitosanit\u00e0ries estrictes i de reciprocitat en els est\u00e0ndards de producci\u00f3, evitant l&#8217;entrada de productes que no compleixen amb les normes europees i suposen un risc per a la sanitat vegetal.<\/p>\n\n\n\n<p>\u00c9s inadmissible que el sector citr\u00edcola, que genera milers d&#8217;ocupacions rurals i representa una part fonamental de la nostra economia agroaliment\u00e0ria, es veja relegat en unes negociacions que prioritzen concessions comercials a qualsevol cost. En paraules de Carles Peris, &#8220;estem en contra d&#8217;aquesta mena d&#8217;acords internacionals que ens deixen a l&#8217;estacada, ens tornen a vendre per a beneficiar a altres sectors econ\u00f2mics que, molts d&#8217;ells, deslocalitzen la seua producci\u00f3. Els acords han de garantir una protecci\u00f3 adequada per als nostres productors. No podem acceptar que els c\u00edtrics europeus queden desprotegits davant una compet\u00e8ncia deslleial i sense garanties fitosanit\u00e0ries. Exigim al ministre d&#8217;Agricultura que actue immediatament en defensa d&#8217;un sector d&#8217;import\u00e0ncia economia, social i mediambiental&#8221;.<\/p>\n","protected":false},"excerpt":{"rendered":"<p>La possible entrada de plagues o malalties, un altre dels punts negatius de l&#8217;acord amb Mercosur La Uni\u00f3 Llauradora insta el ministre d&#8217;Agricultura, Luis Planas, a pressionar davant les autoritats comunit\u00e0ries perqu\u00e8 els c\u00edtrics europeus siguen considerats com un producte sensible en les negociacions d&#8217;acords amb tercers pa\u00efsos. L&#8217;organitzaci\u00f3 creu que la signatura del possible &#8230; <a title=\"LA UNI\u00d3 demana al ministre Planas que pressione perqu\u00e8 els c\u00edtrics europeus siguen considerats producte sensible\" class=\"read-more\" href=\"https:\/\/elcafedepipa.com\/index.php\/2024\/12\/05\/la-unio-demana-al-ministre-planas-que-pressione-perque-els-citrics-europeus-siguen-considerats-producte-sensible\/\" aria-label=\"M\u00e9s informaci\u00f3 sobre LA UNI\u00d3 demana al ministre Planas que pressione perqu\u00e8 els c\u00edtrics europeus siguen considerats producte sensible\">Read more<\/a><\/p>\n","protected":false},"author":2,"featured_media":8892,"comment_status":"closed","ping_status":"closed","sticky":false,"template":"","format":"standard","meta":{"om_disable_all_campaigns":false,"_monsterinsights_skip_tracking":false,"_monsterinsights_sitenote_active":false,"_monsterinsights_sitenote_note":"","_monsterinsights_sitenote_category":0,"_uf_show_specific_survey":0,"_uf_disable_surveys":false,"footnotes":""},"categories":[1],"tags":[],"class_list":["post-8891","post","type-post","status-publish","format-standard","has-post-thumbnail","hentry","category-non-classe"],"_links":{"self":[{"href":"https:\/\/elcafedepipa.com\/index.php\/wp-json\/wp\/v2\/posts\/8891","targetHints":{"allow":["GET"]}}],"collection":[{"href":"https:\/\/elcafedepipa.com\/index.php\/wp-json\/wp\/v2\/posts"}],"about":[{"href":"https:\/\/elcafedepipa.com\/index.php\/wp-json\/wp\/v2\/types\/post"}],"author":[{"embeddable":true,"href":"https:\/\/elcafedepipa.com\/index.php\/wp-json\/wp\/v2\/users\/2"}],"replies":[{"embeddable":true,"href":"https:\/\/elcafedepipa.com\/index.php\/wp-json\/wp\/v2\/comments?post=8891"}],"version-history":[{"count":0,"href":"https:\/\/elcafedepipa.com\/index.php\/wp-json\/wp\/v2\/posts\/8891\/revisions"}],"wp:featuredmedia":[{"embeddable":true,"href":"https:\/\/elcafedepipa.com\/index.php\/wp-json\/wp\/v2\/media\/8892"}],"wp:attachment":[{"href":"https:\/\/elcafedepipa.com\/index.php\/wp-json\/wp\/v2\/media?parent=8891"}],"wp:term":[{"taxonomy":"category","embeddable":true,"href":"https:\/\/elcafedepipa.com\/index.php\/wp-json\/wp\/v2\/categories?post=8891"},{"taxonomy":"post_tag","embeddable":true,"href":"https:\/\/elcafedepipa.com\/index.php\/wp-json\/wp\/v2\/tags?post=8891"}],"curies":[{"name":"wp","href":"https:\/\/api.w.org\/{rel}","templated":true}]}}