{"id":8828,"date":"2024-12-04T13:04:55","date_gmt":"2024-12-04T12:04:55","guid":{"rendered":"https:\/\/elcafedepipa.com\/?p=8828"},"modified":"2024-12-04T13:04:56","modified_gmt":"2024-12-04T12:04:56","slug":"47-establiments-minoristes-i-de-serveis-participen-en-la-campanya-de-promocio-nadalenca-del-comerc-local-dalmenara","status":"publish","type":"post","link":"https:\/\/elcafedepipa.com\/index.php\/2024\/12\/04\/47-establiments-minoristes-i-de-serveis-participen-en-la-campanya-de-promocio-nadalenca-del-comerc-local-dalmenara\/","title":{"rendered":"47 establiments minoristes i de serveis participen en la Campanya de promoci\u00f3 nadalenca del comer\u00e7 local d&#8217;Almenara"},"content":{"rendered":"\n<p><strong>Es desenvolupar\u00e0 entre el 16 de desembre i el 7 de gener i repartir\u00e0 2.000 euros en premis i 150 regals directes<\/strong><\/p>\n\n\n\n<p>Entre el 16 de desembre i el 7 de gener es desenvolupar\u00e0 a Almenara la campanya per al foment de les compres de Nadal en els establiments locals impulsada per la regidoria de Turisme i Comer\u00e7 amb la col\u00b7laboraci\u00f3 de 47 comer\u00e7os minoristes i de serveis del municipi. En la campanya hi haur\u00e0 150 regals directes i un sorteig de 2000 euros repartits en 18 premis. Enguany el lema ser\u00e0 \u201cPer Nadal, compra al comer\u00e7 local\u201d<\/p>\n\n\n\n<p>La mec\u00e0nica per a optar als grans regals de la campanya \u00e9s reunir entre el 16 de desembre i el 7 de gener cinc segells en el passaport de participaci\u00f3. Cada segell s&#8217;obt\u00e9 fent una compra igual o superior a 10 euros en els 47 establiments minoristes i de serveis adherits a la campanya.<\/p>\n\n\n\n<p>Una vegada completat el passaport, aquest haur\u00e0 de depositar-se fins al 7 de gener en l&#8217;urna que estar\u00e0 instal\u00b7lada des del 16 de desembre en l&#8217;Oficina de Turisme, situada en el Mol\u00ed d\u2019Arr\u00f2s. Les 150 primeres persones que l\u2019entreguen complet tindran un regal directe.<\/p>\n\n\n\n<p>A m\u00e9s, tots els passaports complets que es depositen formaran part d&#8217;un sorteig de 2.000 euros repartits en 18 premis de diverses quantitats: un primer premi de 500 euros, dos de 250, 5 de 100 i 10 de 50 euros. El sorteig es far\u00e0 el dijous 9 de gener de 2025.<\/p>\n\n\n\n<p>L&#8217;alcaldessa d&#8217;Almenara, Est\u00edbaliz P\u00e9rez, ha destacat que un any m\u00e9s amb aquesta iniciativa volem \u201csecundar i promocionar les nostres botigues durant el per\u00edode nadalenc, per la qual cosa animem als nostres ve\u00efns i ve\u00efnes aix\u00ed com d&#8217;altres municipis a comprar a Almenara&#8221;.<\/p>\n\n\n\n<p>L&#8217;alcaldessa ha recordat que \u201cel comer\u00e7 minorista i de serveis sempre aposta per productes de qualitat i tamb\u00e9 per la proximitat, sempre a trav\u00e9s d&#8217;un tracte personalitzat\u201d a m\u00e9s comprar a Almenara \u201cfomenta l&#8217;ocupaci\u00f3 i l&#8217;economia de la localitat\u201d. En aquest sentit Est\u00edbaliz P\u00e9rez ha recordat que \u201cels diners que invertim en les compres a Almenara continua circulant pel poble, ajudant a la nostra economia\u201d pel que \u201ccomprar en els establiments d&#8217;Almenara far\u00e0 que aquests comer\u00e7os continuen generant llocs de treball i economia i inversions en la localitat\u201d.<\/p>\n","protected":false},"excerpt":{"rendered":"<p>Es desenvolupar\u00e0 entre el 16 de desembre i el 7 de gener i repartir\u00e0 2.000 euros en premis i 150 regals directes Entre el 16 de desembre i el 7 de gener es desenvolupar\u00e0 a Almenara la campanya per al foment de les compres de Nadal en els establiments locals impulsada per la regidoria de &#8230; <a title=\"47 establiments minoristes i de serveis participen en la Campanya de promoci\u00f3 nadalenca del comer\u00e7 local d&#8217;Almenara\" class=\"read-more\" href=\"https:\/\/elcafedepipa.com\/index.php\/2024\/12\/04\/47-establiments-minoristes-i-de-serveis-participen-en-la-campanya-de-promocio-nadalenca-del-comerc-local-dalmenara\/\" aria-label=\"M\u00e9s informaci\u00f3 sobre 47 establiments minoristes i de serveis participen en la Campanya de promoci\u00f3 nadalenca del comer\u00e7 local d&#8217;Almenara\">Read more<\/a><\/p>\n","protected":false},"author":2,"featured_media":8829,"comment_status":"closed","ping_status":"closed","sticky":false,"template":"","format":"standard","meta":{"om_disable_all_campaigns":false,"_monsterinsights_skip_tracking":false,"_monsterinsights_sitenote_active":false,"_monsterinsights_sitenote_note":"","_monsterinsights_sitenote_category":0,"_uf_show_specific_survey":0,"_uf_disable_surveys":false,"footnotes":""},"categories":[5],"tags":[],"class_list":["post-8828","post","type-post","status-publish","format-standard","has-post-thumbnail","hentry","category-almenara"],"_links":{"self":[{"href":"https:\/\/elcafedepipa.com\/index.php\/wp-json\/wp\/v2\/posts\/8828","targetHints":{"allow":["GET"]}}],"collection":[{"href":"https:\/\/elcafedepipa.com\/index.php\/wp-json\/wp\/v2\/posts"}],"about":[{"href":"https:\/\/elcafedepipa.com\/index.php\/wp-json\/wp\/v2\/types\/post"}],"author":[{"embeddable":true,"href":"https:\/\/elcafedepipa.com\/index.php\/wp-json\/wp\/v2\/users\/2"}],"replies":[{"embeddable":true,"href":"https:\/\/elcafedepipa.com\/index.php\/wp-json\/wp\/v2\/comments?post=8828"}],"version-history":[{"count":0,"href":"https:\/\/elcafedepipa.com\/index.php\/wp-json\/wp\/v2\/posts\/8828\/revisions"}],"wp:featuredmedia":[{"embeddable":true,"href":"https:\/\/elcafedepipa.com\/index.php\/wp-json\/wp\/v2\/media\/8829"}],"wp:attachment":[{"href":"https:\/\/elcafedepipa.com\/index.php\/wp-json\/wp\/v2\/media?parent=8828"}],"wp:term":[{"taxonomy":"category","embeddable":true,"href":"https:\/\/elcafedepipa.com\/index.php\/wp-json\/wp\/v2\/categories?post=8828"},{"taxonomy":"post_tag","embeddable":true,"href":"https:\/\/elcafedepipa.com\/index.php\/wp-json\/wp\/v2\/tags?post=8828"}],"curies":[{"name":"wp","href":"https:\/\/api.w.org\/{rel}","templated":true}]}}