{"id":8805,"date":"2024-12-03T15:28:15","date_gmt":"2024-12-03T14:28:15","guid":{"rendered":"https:\/\/elcafedepipa.com\/?p=8805"},"modified":"2024-12-03T15:28:18","modified_gmt":"2024-12-03T14:28:18","slug":"torna-a-la-placa-de-lassumpcio-el-mercat-de-nadal-que-es-fara-del-6-al-8-de-desembre","status":"publish","type":"post","link":"https:\/\/elcafedepipa.com\/index.php\/2024\/12\/03\/torna-a-la-placa-de-lassumpcio-el-mercat-de-nadal-que-es-fara-del-6-al-8-de-desembre\/","title":{"rendered":"Torna a la pla\u00e7a de l&#8217;Assumpci\u00f3 el Mercat de Nadal que es far\u00e0 del 6 al 8 de desembre."},"content":{"rendered":"\n<p><strong>20 comer\u00e7os locals participen en aquesta edici\u00f3, que tamb\u00e9 compta amb una \u00e0mplia programaci\u00f3 infantil i musical<\/strong><\/p>\n\n\n\n<p>El Mercat de Nadal torna a la pla\u00e7a de l\u2019Assumpci\u00f3 aquest 6, 7 i 8 de desembre. L&#8217;Ajuntament de la Vall d&#8217;Uix\u00f3 impulsa aquesta iniciativa nadalenca amb la pres\u00e8ncia de 20 comer\u00e7os locals i una programaci\u00f3 molt diversa \u201cper a aconseguir l&#8217;objectiu fonamental de dinamitzar el teixit comercial de la ciutat\u201d, tal com ha destacat el regidor de Comer\u00e7, Fernando Dar\u00f2s.<\/p>\n\n\n\n<p>L&#8217;espai del Mercat de Nadal comptar\u00e0 amb quatre zones: les casetes dels comer\u00e7os locals, la gastron\u00f2mica amb food trucks, la d&#8217;activitats infantils i l&#8217;escenari de m\u00fasica en directe. Dar\u00f2s ha destacat que \u00e9s el lloc idoni \u201cen el qual comprar els regals de Nadal\u201d i \u201cgaudir de l&#8217;\u00e0mplia oferta disponible\u201d. I \u00e9s que hi haur\u00e0 des de joguets, complements, flors i dol\u00e7os fins a betlems, papereria i vins, entre altres.<\/p>\n\n\n\n<p>La zona musical comptar\u00e0 al llarg del pont amb les actuacions en directe de Coral Polif\u00f2nica Serrra Espad\u00e0, La Rosa Blanca, Pistolitas de Agua o Grupo E\u00f1e. Per al p\u00fablic infantil s&#8217;ha programat el concert de Dani Miquel Trio i DJ Butoni de les Feretes d\u2019\u00c0 Punt. A m\u00e9s els xiquets i xiquetes tamb\u00e9 disposaran d&#8217;un espai amb tallers en angl\u00e9s, manualitats, pintacares, jocs tradicionals valencians i photocall amb el Pare No\u00e9l.<\/p>\n\n\n\n<p>Una de les novetats d&#8217;aquesta edici\u00f3 \u00e9s la cercavila que se celebrar\u00e0 el dissabte a la vesprada (a partir de les 17.30 hores). El recorregut entre la pla\u00e7a del Mercat i la pla\u00e7a de l\u2019Assumpci\u00f3 estar\u00e0 amenitzat per la xaranga local La Bomba Show i \u201canimar\u00e0 a la gent que ens trobem pel carrer a sumar-se i visitar el Mercat de Nadal\u201d, ha finalitzat l&#8217;edil.<\/p>\n\n\n\n<p>Aquesta iniciativa s&#8217;emmarca dins de la campanya \u2018Per Nadal tot \u00e9s queda a la Vall\u2019 que promou l&#8217;Ajuntament i que tamb\u00e9 inclou els 1.000 bons de 60 euros per a comprar en el comer\u00e7 local. A m\u00e9s ja s&#8217;estan repartint les flors de pasqua i els descomptes de la fira als comer\u00e7os inscrits en la base de dades de la Regidoria de Comer\u00e7.<\/p>\n","protected":false},"excerpt":{"rendered":"<p>20 comer\u00e7os locals participen en aquesta edici\u00f3, que tamb\u00e9 compta amb una \u00e0mplia programaci\u00f3 infantil i musical El Mercat de Nadal torna a la pla\u00e7a de l\u2019Assumpci\u00f3 aquest 6, 7 i 8 de desembre. L&#8217;Ajuntament de la Vall d&#8217;Uix\u00f3 impulsa aquesta iniciativa nadalenca amb la pres\u00e8ncia de 20 comer\u00e7os locals i una programaci\u00f3 molt diversa &#8230; <a title=\"Torna a la pla\u00e7a de l&#8217;Assumpci\u00f3 el Mercat de Nadal que es far\u00e0 del 6 al 8 de desembre.\" class=\"read-more\" href=\"https:\/\/elcafedepipa.com\/index.php\/2024\/12\/03\/torna-a-la-placa-de-lassumpcio-el-mercat-de-nadal-que-es-fara-del-6-al-8-de-desembre\/\" aria-label=\"M\u00e9s informaci\u00f3 sobre Torna a la pla\u00e7a de l&#8217;Assumpci\u00f3 el Mercat de Nadal que es far\u00e0 del 6 al 8 de desembre.\">Read more<\/a><\/p>\n","protected":false},"author":2,"featured_media":8806,"comment_status":"closed","ping_status":"closed","sticky":false,"template":"","format":"standard","meta":{"om_disable_all_campaigns":false,"_monsterinsights_skip_tracking":false,"_monsterinsights_sitenote_active":false,"_monsterinsights_sitenote_note":"","_monsterinsights_sitenote_category":0,"_uf_show_specific_survey":0,"_uf_disable_surveys":false,"footnotes":""},"categories":[1],"tags":[],"class_list":["post-8805","post","type-post","status-publish","format-standard","has-post-thumbnail","hentry","category-non-classe"],"_links":{"self":[{"href":"https:\/\/elcafedepipa.com\/index.php\/wp-json\/wp\/v2\/posts\/8805","targetHints":{"allow":["GET"]}}],"collection":[{"href":"https:\/\/elcafedepipa.com\/index.php\/wp-json\/wp\/v2\/posts"}],"about":[{"href":"https:\/\/elcafedepipa.com\/index.php\/wp-json\/wp\/v2\/types\/post"}],"author":[{"embeddable":true,"href":"https:\/\/elcafedepipa.com\/index.php\/wp-json\/wp\/v2\/users\/2"}],"replies":[{"embeddable":true,"href":"https:\/\/elcafedepipa.com\/index.php\/wp-json\/wp\/v2\/comments?post=8805"}],"version-history":[{"count":0,"href":"https:\/\/elcafedepipa.com\/index.php\/wp-json\/wp\/v2\/posts\/8805\/revisions"}],"wp:featuredmedia":[{"embeddable":true,"href":"https:\/\/elcafedepipa.com\/index.php\/wp-json\/wp\/v2\/media\/8806"}],"wp:attachment":[{"href":"https:\/\/elcafedepipa.com\/index.php\/wp-json\/wp\/v2\/media?parent=8805"}],"wp:term":[{"taxonomy":"category","embeddable":true,"href":"https:\/\/elcafedepipa.com\/index.php\/wp-json\/wp\/v2\/categories?post=8805"},{"taxonomy":"post_tag","embeddable":true,"href":"https:\/\/elcafedepipa.com\/index.php\/wp-json\/wp\/v2\/tags?post=8805"}],"curies":[{"name":"wp","href":"https:\/\/api.w.org\/{rel}","templated":true}]}}