{"id":8791,"date":"2024-12-03T15:14:03","date_gmt":"2024-12-03T14:14:03","guid":{"rendered":"https:\/\/elcafedepipa.com\/?p=8791"},"modified":"2024-12-03T15:14:04","modified_gmt":"2024-12-03T14:14:04","slug":"el-pspv-vota-no-als-pressupostos-de-barrachina-perque-hui-es-la-certificacio-oficial-que-la-diputacio-torna-al-model-fabra-de-la-discriminacio-i-els-dedazos","status":"publish","type":"post","link":"https:\/\/elcafedepipa.com\/index.php\/2024\/12\/03\/el-pspv-vota-no-als-pressupostos-de-barrachina-perque-hui-es-la-certificacio-oficial-que-la-diputacio-torna-al-model-fabra-de-la-discriminacio-i-els-dedazos\/","title":{"rendered":"El PSPV vota \u2018no\u2019 als pressupostos de Barrachina perqu\u00e8 \u201chui \u00e9s la certificaci\u00f3 oficial que la Diputaci\u00f3 torna al model Fabra de la discriminaci\u00f3 i els &#8216;dedazos&#8217;\u201d"},"content":{"rendered":"\n<p><br><strong>El grup socialista carrega contra els comptes del PP per eliminar el fons de cooperaci\u00f3 i lamenta que l&#8217;equip de govern s&#8217;acarnisse amb els ajuntaments de l&#8217;interior amb una \u201cretallada hist\u00f2rica\u201d de 14 milions d&#8217;euros<\/strong><br><strong><br><\/strong>El grup socialista de la Diputaci\u00f3 de Castell\u00f3 ha formalitzat hui el seu vot en contra dels pressupostos de Marta Barrachina en quedar-se sense assignaci\u00f3 econ\u00f2mica el Fons de Cooperaci\u00f3 Municipal. Tradu\u00eft en n\u00fameros, s\u00f3n 14 milions d&#8217;euros que no arribaran als 135 municipis de la prov\u00edncia i que comprometen la viabilitat dels ajuntaments amb menys habitants.<br><br>El portaveu socialista, Samuel Falomir, ha lamentat que \u201cla pressi\u00f3 dels alcaldes i alcaldesses no haja sigut suficient per a canviar l&#8217;opini\u00f3 de la presidenta\u201d, una esperan\u00e7a que ha quedat esva\u00efda a l&#8217;inici del ple quan el grup popular, en bloc, ha rebutjat l&#8217;esmena del PSPV que proposava incloure almenys els set milions d&#8217;euros assignats inicialment enguany al fons.<br><br>\u201cHui no \u00e9s un dia important per a Castell\u00f3. Hui \u00e9s la certificaci\u00f3 oficial que la Diputaci\u00f3 torna al model Fabra, o el que \u00e9s el mateix, a les inversions discriminat\u00f2ries, sense criteris t\u00e8cnics i basades en el &#8216;dedazo&#8217; pol\u00edtic que va instaurar el pare pol\u00edtic de Marta Barrachina en aquesta instituci\u00f3\u201d.<br><br>\u201cS&#8217;han equivocat i no ho reconeixen per orgull pol\u00edtic. Per\u00f2 la veritat \u00e9s que estan abandonant als 600.000 castellonencs i, especialment, acarnissant-se amb l&#8217;interior de la nostra prov\u00edncia\u201d, ha afirmat. \u201cNo han parlat en cap moment que localitats com Castell de Cabres, el m\u00e9s xicotet de la Comunitat Valenciana, perdr\u00e0 el 64% del seu pressupost i amb ell el seu futur\u201d.<br><br>El diputat de l&#8217;Alcora ha posat en dubte que Marta Barrachina puga destinar recursos als ajuntaments a trav\u00e9s dels romanents quan la nefasta gesti\u00f3 econ\u00f2mica del seu equip pot portar a l&#8217;administraci\u00f3 a una intervenci\u00f3. \u201cNo s&#8217;ho arriben a creure i ara com ara el seu argumentari \u00e9s repetir que hi haur\u00e0 fons a la primavera, per\u00f2 la mateixa responsable d&#8217;Hisenda i alcaldessa de Canet lo Roig, Mari \u00c1ngeles Pallar\u00e9s, que sap m\u00e9s que nosaltres, directament no ha creat la partida en el seu pressupost\u201d.<br><br>\u201cEls problemes els vorem ara als ajuntaments, quan els interventors declaren cr\u00e8dits com no disponibles i ens obliguen a aplicar retallades\u201d, ha advertit el portaveu socialista. \u201cMarta Barrachina i la seua irresponsabilitat han d&#8217;assumir pol\u00edticament les conseq\u00fc\u00e8ncies del seu abandonament als 135 municipis de Castell\u00f3\u201d.<br><br><strong>Sense voluntat de di\u00e0leg<br><\/strong>El rebuig de la bancada socialista als comptes \u00e9s tamb\u00e9 una cr\u00edtica al proc\u00e9s d&#8217;elaboraci\u00f3 d&#8217;aquestes: \u201cha sigut una nova burla a l&#8217;oposici\u00f3\u201d. \u201cNom\u00e9s han buscat la foto per a vendre voluntat de pacte, quan la realitat \u00e9s que Barrachina ve governant a base d&#8217;imposicions. \u00c9s vergony\u00f3s que es reserve des de 2025 el dret a triar convenis singulars sense criteris i que, despr\u00e9s d&#8217;eliminar el fons, es fa\u00e7a l&#8217;\u00fanic conveni singular per a despesa corrent de la prov\u00edncia per a ella mateixa sota el pretext de finan\u00e7ar unes festes\u201d, ha denunciat.<br><br>\u201cEls pressupostos de la Diputaci\u00f3 nom\u00e9s els salven el Govern d&#8217;Espanya gr\u00e0cies a l&#8217;augment de les transfer\u00e8ncies que permetran ampliar inversions h\u00eddriques\u201d, encara que ha assenyalat que \u201caix\u00f2 no justifica l&#8217;estrangulament dels ajuntaments per part de Marta Barrachina\u201d.<\/p>\n\n\n\n<p><\/p>\n","protected":false},"excerpt":{"rendered":"<p>El grup socialista carrega contra els comptes del PP per eliminar el fons de cooperaci\u00f3 i lamenta que l&#8217;equip de govern s&#8217;acarnisse amb els ajuntaments de l&#8217;interior amb una \u201cretallada hist\u00f2rica\u201d de 14 milions d&#8217;eurosEl grup socialista de la Diputaci\u00f3 de Castell\u00f3 ha formalitzat hui el seu vot en contra dels pressupostos de Marta Barrachina &#8230; <a title=\"El PSPV vota \u2018no\u2019 als pressupostos de Barrachina perqu\u00e8 \u201chui \u00e9s la certificaci\u00f3 oficial que la Diputaci\u00f3 torna al model Fabra de la discriminaci\u00f3 i els &#8216;dedazos&#8217;\u201d\" class=\"read-more\" href=\"https:\/\/elcafedepipa.com\/index.php\/2024\/12\/03\/el-pspv-vota-no-als-pressupostos-de-barrachina-perque-hui-es-la-certificacio-oficial-que-la-diputacio-torna-al-model-fabra-de-la-discriminacio-i-els-dedazos\/\" aria-label=\"M\u00e9s informaci\u00f3 sobre El PSPV vota \u2018no\u2019 als pressupostos de Barrachina perqu\u00e8 \u201chui \u00e9s la certificaci\u00f3 oficial que la Diputaci\u00f3 torna al model Fabra de la discriminaci\u00f3 i els &#8216;dedazos&#8217;\u201d\">Read more<\/a><\/p>\n","protected":false},"author":2,"featured_media":8792,"comment_status":"closed","ping_status":"closed","sticky":false,"template":"","format":"standard","meta":{"om_disable_all_campaigns":false,"_monsterinsights_skip_tracking":false,"_monsterinsights_sitenote_active":false,"_monsterinsights_sitenote_note":"","_monsterinsights_sitenote_category":0,"_uf_show_specific_survey":0,"_uf_disable_surveys":false,"footnotes":""},"categories":[10],"tags":[],"class_list":["post-8791","post","type-post","status-publish","format-standard","has-post-thumbnail","hentry","category-provinciadecastello"],"_links":{"self":[{"href":"https:\/\/elcafedepipa.com\/index.php\/wp-json\/wp\/v2\/posts\/8791","targetHints":{"allow":["GET"]}}],"collection":[{"href":"https:\/\/elcafedepipa.com\/index.php\/wp-json\/wp\/v2\/posts"}],"about":[{"href":"https:\/\/elcafedepipa.com\/index.php\/wp-json\/wp\/v2\/types\/post"}],"author":[{"embeddable":true,"href":"https:\/\/elcafedepipa.com\/index.php\/wp-json\/wp\/v2\/users\/2"}],"replies":[{"embeddable":true,"href":"https:\/\/elcafedepipa.com\/index.php\/wp-json\/wp\/v2\/comments?post=8791"}],"version-history":[{"count":0,"href":"https:\/\/elcafedepipa.com\/index.php\/wp-json\/wp\/v2\/posts\/8791\/revisions"}],"wp:featuredmedia":[{"embeddable":true,"href":"https:\/\/elcafedepipa.com\/index.php\/wp-json\/wp\/v2\/media\/8792"}],"wp:attachment":[{"href":"https:\/\/elcafedepipa.com\/index.php\/wp-json\/wp\/v2\/media?parent=8791"}],"wp:term":[{"taxonomy":"category","embeddable":true,"href":"https:\/\/elcafedepipa.com\/index.php\/wp-json\/wp\/v2\/categories?post=8791"},{"taxonomy":"post_tag","embeddable":true,"href":"https:\/\/elcafedepipa.com\/index.php\/wp-json\/wp\/v2\/tags?post=8791"}],"curies":[{"name":"wp","href":"https:\/\/api.w.org\/{rel}","templated":true}]}}