{"id":8766,"date":"2024-12-02T18:53:18","date_gmt":"2024-12-02T17:53:18","guid":{"rendered":"https:\/\/elcafedepipa.com\/?p=8766"},"modified":"2024-12-02T18:53:22","modified_gmt":"2024-12-02T17:53:22","slug":"trops-reobrira-lantic-magatzem-de-taronja-bicoca-de-nules","status":"publish","type":"post","link":"https:\/\/elcafedepipa.com\/index.php\/2024\/12\/02\/trops-reobrira-lantic-magatzem-de-taronja-bicoca-de-nules\/","title":{"rendered":"TROPS reobrir\u00e0 l&#8217;antic magatzem de taronja Bicoca de Nules"},"content":{"rendered":"\n<p><strong>Formalitza la seua adquisici\u00f3 per a reprendre l&#8217;activitat al llarg de l\u2019any 2025<\/strong><\/p>\n\n\n\n<p>La Sociedad Agraria de Transformaci\u00f3n TROPS ha adquirit l\u2019antic magatzem de taronja Bicoca de Nules, amb la compra d\u2019aquestes instal\u00b7lacions la companyia andalusa preveu reprendre la activitat d\u2019aquest immoble al llarg del pr\u00f2xim any 2025.<\/p>\n\n\n\n<p>Aix\u00ed ho han traslladat hui el seu Director General, V\u00edctor Luque, i el seu President, Jos\u00e9 Linares, a l\u2019Alcalde de Nules, David Garc\u00eda, en la visita realitzada al municipi de Nules.<\/p>\n\n\n\n<p>Davant a\u00e7\u00f2, des de la companyia TROPS se senyala que el principal objectiu d\u2019aquesta adquisici\u00f3 es estar a prop dels llauradors, de manera que la idea \u00e9s convertir aquest immoble en un centre de recol\u00b7lecci\u00f3 i d\u2019atenci\u00f3 al soci, facilitant aix\u00ed el contacte m\u00e9s directe amb els seus llauradors i la recepci\u00f3 dels seus alvocats, evitant tamb\u00e9 despla\u00e7ar-se fins la seu central de la companyia ubicada a V\u00e9lez (M\u00e0laga). Cal assenyalar que, TROPS est\u00e0 especialitzada en la producci\u00f3 i comercialitzaci\u00f3 d\u2019alvocats i mango, principalment.<\/p>\n\n\n\n<p>Al respecte, l\u2019Alcalde de Nules, David Garc\u00eda, remarca la import\u00e0ncia per a la localitat de l\u2019adquisici\u00f3 d\u2019aquest immoble i de la represa de la seua activitat, \u201c\u00e9s una not\u00edcia molt rellevant per al nostre municipi perqu\u00e8 suposar\u00e0 la creaci\u00f3 de nous llocs de treball, a m\u00e9s de la inversi\u00f3 que la companyia TROPS realitzar\u00e0 a la nostra poblaci\u00f3 amb la qual formar\u00e0 part dels centres log\u00edstics amb qu\u00e8 compta actualment a Espanya\u201d,<\/p>\n\n\n\n<p>En concret, el centre de serveis que instal\u00b7lar\u00e0 a Nules ser\u00e0 similar a altres que ja t\u00e9 TROPS a Espanya i a Portugal. Aix\u00ed doncs, en l\u2019actualitat agrupa a 4.000 llauradors associats i la seua fruita est\u00e0 present en m\u00e9s de 25 pa\u00efsos.<\/p>\n\n\n\n<p>A TROPS controlen totes les etapes en la vida dels seus productes, des del cultiu al camp, la recol\u00b7lecci\u00f3, la qualitat del producte, la maduraci\u00f3 i envasat, fins la comercialitzaci\u00f3 i la distribuci\u00f3.<\/p>\n\n\n\n<p>A trav\u00e9s d\u2019una agricultura sostenible i innovadora desenvolupen la seua activitat empresarial aconseguint la m\u00e0xima rendibilitat per als seus socis productors a partir de la professionalitat, la transpar\u00e8ncia i la consist\u00e8ncia en la gesti\u00f3.<\/p>\n\n\n\n<p>Fundada l\u2019any 1979 a V\u00e9lez (M\u00e0laga), la seua principal zona de producci\u00f3 se concentra al sud peninsular, principalment a la comarca malaguenya de la Axarqu\u00eda i a la costa tropical de Granada, tamb\u00e9 compta amb producci\u00f3 a &nbsp;la costa de la Comunitat Valenciana, a l\u2019Algarve portugu\u00e8s, i fins a Am\u00e8rica del Sud a pa\u00efsos com ara Per\u00fa o Xile.<\/p>\n\n\n\n<p>Gr\u00e0cies a la col\u00b7laboraci\u00f3 i comprom\u00eds de tots els seus membres, aquesta organitzaci\u00f3 ha aconseguit posicionar-se com un referent al sector, contribuint al desenvolupament econ\u00f2mic i social de les zones agr\u00e0ries on s\u2019ha implantat.<\/p>\n","protected":false},"excerpt":{"rendered":"<p>Formalitza la seua adquisici\u00f3 per a reprendre l&#8217;activitat al llarg de l\u2019any 2025 La Sociedad Agraria de Transformaci\u00f3n TROPS ha adquirit l\u2019antic magatzem de taronja Bicoca de Nules, amb la compra d\u2019aquestes instal\u00b7lacions la companyia andalusa preveu reprendre la activitat d\u2019aquest immoble al llarg del pr\u00f2xim any 2025. Aix\u00ed ho han traslladat hui el seu &#8230; <a title=\"TROPS reobrir\u00e0 l&#8217;antic magatzem de taronja Bicoca de Nules\" class=\"read-more\" href=\"https:\/\/elcafedepipa.com\/index.php\/2024\/12\/02\/trops-reobrira-lantic-magatzem-de-taronja-bicoca-de-nules\/\" aria-label=\"M\u00e9s informaci\u00f3 sobre TROPS reobrir\u00e0 l&#8217;antic magatzem de taronja Bicoca de Nules\">Read more<\/a><\/p>\n","protected":false},"author":2,"featured_media":8769,"comment_status":"closed","ping_status":"closed","sticky":false,"template":"","format":"standard","meta":{"om_disable_all_campaigns":false,"_monsterinsights_skip_tracking":false,"_monsterinsights_sitenote_active":false,"_monsterinsights_sitenote_note":"","_monsterinsights_sitenote_category":0,"_uf_show_specific_survey":0,"_uf_disable_surveys":false,"footnotes":""},"categories":[3],"tags":[],"class_list":["post-8766","post","type-post","status-publish","format-standard","has-post-thumbnail","hentry","category-nules"],"_links":{"self":[{"href":"https:\/\/elcafedepipa.com\/index.php\/wp-json\/wp\/v2\/posts\/8766","targetHints":{"allow":["GET"]}}],"collection":[{"href":"https:\/\/elcafedepipa.com\/index.php\/wp-json\/wp\/v2\/posts"}],"about":[{"href":"https:\/\/elcafedepipa.com\/index.php\/wp-json\/wp\/v2\/types\/post"}],"author":[{"embeddable":true,"href":"https:\/\/elcafedepipa.com\/index.php\/wp-json\/wp\/v2\/users\/2"}],"replies":[{"embeddable":true,"href":"https:\/\/elcafedepipa.com\/index.php\/wp-json\/wp\/v2\/comments?post=8766"}],"version-history":[{"count":0,"href":"https:\/\/elcafedepipa.com\/index.php\/wp-json\/wp\/v2\/posts\/8766\/revisions"}],"wp:featuredmedia":[{"embeddable":true,"href":"https:\/\/elcafedepipa.com\/index.php\/wp-json\/wp\/v2\/media\/8769"}],"wp:attachment":[{"href":"https:\/\/elcafedepipa.com\/index.php\/wp-json\/wp\/v2\/media?parent=8766"}],"wp:term":[{"taxonomy":"category","embeddable":true,"href":"https:\/\/elcafedepipa.com\/index.php\/wp-json\/wp\/v2\/categories?post=8766"},{"taxonomy":"post_tag","embeddable":true,"href":"https:\/\/elcafedepipa.com\/index.php\/wp-json\/wp\/v2\/tags?post=8766"}],"curies":[{"name":"wp","href":"https:\/\/api.w.org\/{rel}","templated":true}]}}